{"id":979,"date":"2009-04-18T20:18:28","date_gmt":"2009-04-18T23:18:28","guid":{"rendered":"https:\/\/ligamercedina.com\/?p=979"},"modified":"2009-04-18T20:18:28","modified_gmt":"2009-04-18T23:18:28","slug":"futbol-infantil-resultados-del-torneo-jorge-marsico","status":"publish","type":"post","link":"https:\/\/ligamercedina.com\/web\/futbol-infantil-resultados-del-torneo-jorge-marsico\/","title":{"rendered":"FUTBOL INFANTIL: RESULTADOS DEL TORNEO JORGE M\u00c1RSICO"},"content":{"rendered":"<p><em><strong>JUVENTUD VS. UNION<\/strong><\/em><br \/>\nCategor\u00eda 00: <strong>3<\/strong> (Franco Taborda 3) &#8211; <strong>0<\/strong><br \/>\nCategor\u00eda 99: <strong>1<\/strong> (Vicente Kelly) &#8211; <strong>0<\/strong><br \/>\nCategor\u00eda 98: <strong>2<\/strong> (Juli\u00e1n G\u00f3mez y Braian V\u00e1zquez) &#8211; <strong>0<\/strong><br \/>\nCategor\u00eda 97: <strong>3<\/strong> (Luciano Castro, Sebasti\u00e1n S\u00e1nchez y Enzo Su\u00e1rez) &#8211; <strong>2<\/strong> (Emir Motus y Mat\u00edas Rodr\u00edguez)<\/p>\n<p><em><strong>ESTUDIANTES VS. MERCEDES \u00abA\u00bb<\/strong><\/em><br \/>\nCategor\u00eda 00: <strong>3<\/strong> (Camilo Corrado, Facundo Hoare y Juan Virto) &#8211; <strong>0<\/strong><br \/>\nCategor\u00eda 99: <strong>0 &#8211; 2<\/strong> (Franco Dufourquet y Agust\u00edn Navarro) &#8211;<br \/>\nCategor\u00eda 98: <strong>0 &#8211; 1<\/strong> (Franco Trofelli)<br \/>\nCategor\u00eda 97: <strong>3<\/strong> (V\u00edctor Clavero, Franco Olivieri y Francisco Valle) &#8211; <strong>0<\/strong><br \/>\nCategor\u00eda 96: <strong>3<\/strong> (Marcelo Moyano y Lucio Ojeda 2) &#8211; <strong>2<\/strong> (Jes\u00fas Calvo y Guido Delfino)<br \/>\nCategor\u00eda 95: <strong>3<\/strong> (Ezequiel Avelar 2 y Lucas Blanco) &#8211; <strong>0<\/strong><br \/>\nCategor\u00eda 94: <strong>3<\/strong> (Alexander Benedetti, Tom\u00e1s D\u00e9sima y Leandro Vignau) &#8211; <strong>1<\/strong> (Franco Fragueiro).<br \/>\nCategor\u00eda 93 &#8211; 92: <strong>0 &#8211; 0<\/strong><\/p>\n<p><em><strong>VELEZ SARSFIELD &#8211; QUILMES<\/strong><\/em><br \/>\nCategor\u00eda 00: <strong>0 &#8211; 1<\/strong> (Gast\u00f3n Romero)<br \/>\nCategor\u00eda 99: <strong>0 &#8211; 0<\/strong><br \/>\nCategor\u00eda 98: <strong>3<\/strong> (Yoel Lescano 2 y Tom\u00e1s Bord\u00f3n) &#8211; <strong>o<\/strong><br \/>\nCategor\u00eda 97: <strong>0 &#8211; 2<\/strong> (Enzo Miguel y Joel Tust)<br \/>\nCategor\u00eda 96: <strong>5<\/strong> (Rodrigo Colicigno, Alejandro Guzm\u00e1n, Juan Islas, Nicol\u00e1s Ram\u00edrez y Tom\u00e1s Torres) &#8211; <strong>1<\/strong> (Lucas Mollo)<br \/>\nCategor\u00eda 95: <strong>6<\/strong> (Maximiliano Castro 2, Braian C\u00f3rdoba, Fabi\u00e1n Guti\u00e9rrez, Alan Moreno y Alejandro Balcaza) &#8211; <strong>0<\/strong><br \/>\nCategor\u00eda 94: <strong>3<\/strong> (Franco Falabella, Maximiliano Porticella y Ramiro V\u00e1zquez) &#8211; <strong>1<\/strong> (Andr\u00e9s Far\u00edas)<br \/>\nCategor\u00eda 93-92: <strong>1<\/strong> (Lucas Lofreda) &#8211; <strong>0<\/strong><\/p>\n<p><em><strong>EL FRONT\u00d3N VS. MERCEDES<\/strong><\/em><br \/>\nCategor\u00eda 00: <strong>0 &#8211; 3<\/strong> (Lorenzo Piazza, Guido Rebagliatti y Agust\u00edn Valle)<br \/>\nCategor\u00eda 99: <strong>1<\/strong> (Ivo Valli) &#8211; <strong>0<\/strong><br \/>\nCategor\u00eda 98: <strong>0 &#8211; 4<\/strong> (Tom\u00e1s Battoia, Thom\u00e1s Falabella y Joaqu\u00edn Gollo 2)<br \/>\nCategor\u00eda 97: <strong>4<\/strong> (Mat\u00edas Gaztelu 4) &#8211; <strong>2<\/strong> (Leandro Cerd\u00e1 y Santiago Paj\u00f3n)<br \/>\nCategor\u00eda 96: <strong>0 &#8211; 4<\/strong> (Ricardo Coria, Franco Gatti 2 y Nicol\u00e1s Montenegro)<br \/>\nCategor\u00eda 95: <strong>0 &#8211; 2<\/strong> (V\u00edctor Ger\u00e9z y Germ\u00e1n Puliti)<br \/>\nCategor\u00eda 94: <strong>0 &#8211; 3<\/strong> (Mat\u00edas Baiardi y Nicol\u00e1s Bertaina 2)<br \/>\nCategor\u00eda 93-92: <strong>1<\/strong> (Juan Pinto) &#8211; <strong>1<\/strong> (Santiago Puliti)<\/p>\n","protected":false},"excerpt":{"rendered":"<p>JUVENTUD VS. UNION Categor\u00eda 00: 3 (Franco Taborda 3) &#8211; 0 Categor\u00eda 99: 1 (Vicente Kelly) &#8211; 0 Categor\u00eda 98: 2 (Juli\u00e1n G\u00f3mez y Braian V\u00e1zquez) &#8211; 0 Categor\u00eda 97: 3 (Luciano Castro, Sebasti\u00e1n S\u00e1nchez y Enzo Su\u00e1rez) &#8211; 2 (Emir Motus y Mat\u00edas Rodr\u00edguez) ESTUDIANTES VS. MERCEDES \u00abA\u00bb Categor\u00eda 00: 3 (Camilo Corrado, Facundo Hoare y Juan Virto) &#8211;<\/p>\n","protected":false},"author":1,"featured_media":0,"comment_status":"open","ping_status":"open","sticky":false,"template":"","format":"standard","meta":{"footnotes":""},"categories":[4],"tags":[],"class_list":["post-979","post","type-post","status-publish","format-standard","hentry","category-informaciongeneral"],"_links":{"self":[{"href":"https:\/\/ligamercedina.com\/web\/wp-json\/wp\/v2\/posts\/979","targetHints":{"allow":["GET"]}}],"collection":[{"href":"https:\/\/ligamercedina.com\/web\/wp-json\/wp\/v2\/posts"}],"about":[{"href":"https:\/\/ligamercedina.com\/web\/wp-json\/wp\/v2\/types\/post"}],"author":[{"embeddable":true,"href":"https:\/\/ligamercedina.com\/web\/wp-json\/wp\/v2\/users\/1"}],"replies":[{"embeddable":true,"href":"https:\/\/ligamercedina.com\/web\/wp-json\/wp\/v2\/comments?post=979"}],"version-history":[{"count":7,"href":"https:\/\/ligamercedina.com\/web\/wp-json\/wp\/v2\/posts\/979\/revisions"}],"predecessor-version":[{"id":988,"href":"https:\/\/ligamercedina.com\/web\/wp-json\/wp\/v2\/posts\/979\/revisions\/988"}],"wp:attachment":[{"href":"https:\/\/ligamercedina.com\/web\/wp-json\/wp\/v2\/media?parent=979"}],"wp:term":[{"taxonomy":"category","embeddable":true,"href":"https:\/\/ligamercedina.com\/web\/wp-json\/wp\/v2\/categories?post=979"},{"taxonomy":"post_tag","embeddable":true,"href":"https:\/\/ligamercedina.com\/web\/wp-json\/wp\/v2\/tags?post=979"}],"curies":[{"name":"wp","href":"https:\/\/api.w.org\/{rel}","templated":true}]}}