{"id":920,"date":"2009-04-12T10:15:01","date_gmt":"2009-04-12T13:15:01","guid":{"rendered":"https:\/\/ligamercedina.com\/?p=920"},"modified":"2009-04-12T10:15:01","modified_gmt":"2009-04-12T13:15:01","slug":"en-domingo-se-cierra-una-nueva-fecha-del-torneo-de-primera","status":"publish","type":"post","link":"https:\/\/ligamercedina.com\/web\/en-domingo-se-cierra-una-nueva-fecha-del-torneo-de-primera\/","title":{"rendered":"TORNEO DE PRIMERA: RESULTADOS DEL DOMINGO"},"content":{"rendered":"<p><strong>COMUNICACIONES -2-:<\/strong> Pablo Pais, Sebasti\u00e1n Olivieri, Diego Caprioli, Sebasti\u00e1n Santa Cruz, Carlos Pacheco, Luciano Burgos, Diego Peralta, Miguel Maldonado, Jos\u00e9 Do\u00f1agueda, Javier Rosales y Leandro Schiavi. <em><strong>DT:<\/strong><\/em> Hern\u00e1n Burone. <em><strong>Suplentes:<\/strong><\/em> Nicol\u00e1s Laurino y Mart\u00edn Errequet.<\/p>\n<p><strong>CRUZADOS FUTBOL CLUB -4-:<\/strong> Daniel Buzzi, Gustavo Morales, Joaqu\u00edn Montes, Nahuel Santana, C\u00e9sar C\u00e1ceres, Mat\u00edas Silea, Juan Quiroga, Rodolfo Ferreyra, Mario Morales y Gustavo B\u00edsforo. <em><strong>DT:<\/strong><\/em> Osvaldo Pinilla. <em><strong>Suplentes:<\/strong><\/em> Mariano Blanco, Adolfo Leiva y Cristian Schiro.<\/p>\n<p><strong>GOLES:<\/strong> PT 33\u2019 Olivieri en contra (Cru), 40\u2019 Peralta (Com) y  45\u2019 B\u00edsforo (Cru). ST 20\u2019 Morales (Cru), 40\u2019 Silea (Cru) y 43\u2019 Olivieri (Com).<br \/>\n<strong>CAMBIOS:<\/strong> Diego Ventrelli por Gustavo Bisforo y Flavio Fern\u00e1ndez por Rodolfo Ferreyra en Cruzados. Patricio Uncal por Javier Rosales, Mario Repetto Diego Peralta y Diego Mart\u00ednez por Luciano Burgos en Comunicaciones.<br \/>\n<strong>INCIDENCIAS:<\/strong> Expulsado: Rodolfo Ferreyra en Cruzados.<br \/>\n<strong>ARBITRO:<\/strong> Ernesto Calegari .<br \/>\n___________________________________<\/p>\n<p><strong>SAN MARCOS -1-:><\/strong> Javier Morana, Ariel Vaquel, Iv\u00e1n Medina, Dar\u00edo Roch, Alan Prieto, Elvio Figueroa, Sebasti\u00e1n Veintemilla, Mariano Touzon, Roberto Barrientos, Diego Ver\u00f3n y Nahuel Parado. <em><strong>DT:<\/strong><\/em> Alejandro Lino.<\/p>\n<p><strong>VELEZ SARSFIELD -4-:<\/strong> Gonzalo Lab\u00edn, Patricio Ravassa, Joaqu\u00edn Villa, Horacio Sotelo, Luis Wimbay, Jorge Valicenti, Ezequiel Van\u00edn, Guillermo Michelini, Julio Mart\u00ednez, Luis Giacoy y Gast\u00f3 Godoy. <em><strong>DT:<\/strong><\/em> Guillermo Vola. <em><strong>Suplentes:<\/strong><\/em> Mariano Bordieu y Juan Gim\u00e9nez.<\/p>\n<p><strong>GOLES:<\/strong>  PT 18 seg., 2\u2019 y 25\u2019 Julio Mart\u00ednez (V),  32\u2019 Giacoy (V). ST 19\u2019  Barrientos (SM).<br \/>\n<strong>CAMBIOS:<\/strong> Santiago Aquino por Ariel Vaquel, Mart\u00edn Babio por Alan Preto y Guillermo Ram\u00edrez por Mariano Touzon en San Marcos. Angel Cuello por Guillermo Michelini, Rodrigo Dematei por Ezequiel Van\u00edn y Fausto Can\u00e9 por Julio Mart\u00ednez en V\u00e9lez.<br \/>\n<strong>ARBITRO:<\/strong> Javier Mihura (SADRA).<\/p>\n<p><a href=\"https:\/\/ligamercedina.com\/wp-content\/uploads\/2009\/04\/as.jpg\"><img loading=\"lazy\" decoding=\"async\" src=\"https:\/\/ligamercedina.com\/wp-content\/uploads\/2009\/04\/as.jpg\" alt=\"\" title=\"as\" width=\"480\" height=\"324\" class=\"aligncenter size-full wp-image-931\" srcset=\"https:\/\/ligamercedina.com\/web\/wp-content\/uploads\/2009\/04\/as.jpg 480w, https:\/\/ligamercedina.com\/web\/wp-content\/uploads\/2009\/04\/as-300x202.jpg 300w, https:\/\/ligamercedina.com\/web\/wp-content\/uploads\/2009\/04\/as-444x300.jpg 444w\" sizes=\"auto, (max-width: 480px) 100vw, 480px\" \/><\/a><br \/>\nPOSICIONES<\/p>\n","protected":false},"excerpt":{"rendered":"<p>COMUNICACIONES -2-: Pablo Pais, Sebasti\u00e1n Olivieri, Diego Caprioli, Sebasti\u00e1n Santa Cruz, Carlos Pacheco, Luciano Burgos, Diego Peralta, Miguel Maldonado, Jos\u00e9 Do\u00f1agueda, Javier Rosales y Leandro Schiavi. DT: Hern\u00e1n Burone. Suplentes: Nicol\u00e1s Laurino y Mart\u00edn Errequet. CRUZADOS FUTBOL CLUB -4-: Daniel Buzzi, Gustavo Morales, Joaqu\u00edn Montes, Nahuel Santana, C\u00e9sar C\u00e1ceres, Mat\u00edas Silea, Juan Quiroga, Rodolfo Ferreyra, Mario Morales y Gustavo B\u00edsforo.<\/p>\n","protected":false},"author":1,"featured_media":0,"comment_status":"open","ping_status":"open","sticky":false,"template":"","format":"standard","meta":{"footnotes":""},"categories":[4],"tags":[],"class_list":["post-920","post","type-post","status-publish","format-standard","hentry","category-informaciongeneral"],"_links":{"self":[{"href":"https:\/\/ligamercedina.com\/web\/wp-json\/wp\/v2\/posts\/920","targetHints":{"allow":["GET"]}}],"collection":[{"href":"https:\/\/ligamercedina.com\/web\/wp-json\/wp\/v2\/posts"}],"about":[{"href":"https:\/\/ligamercedina.com\/web\/wp-json\/wp\/v2\/types\/post"}],"author":[{"embeddable":true,"href":"https:\/\/ligamercedina.com\/web\/wp-json\/wp\/v2\/users\/1"}],"replies":[{"embeddable":true,"href":"https:\/\/ligamercedina.com\/web\/wp-json\/wp\/v2\/comments?post=920"}],"version-history":[{"count":6,"href":"https:\/\/ligamercedina.com\/web\/wp-json\/wp\/v2\/posts\/920\/revisions"}],"predecessor-version":[{"id":922,"href":"https:\/\/ligamercedina.com\/web\/wp-json\/wp\/v2\/posts\/920\/revisions\/922"}],"wp:attachment":[{"href":"https:\/\/ligamercedina.com\/web\/wp-json\/wp\/v2\/media?parent=920"}],"wp:term":[{"taxonomy":"category","embeddable":true,"href":"https:\/\/ligamercedina.com\/web\/wp-json\/wp\/v2\/categories?post=920"},{"taxonomy":"post_tag","embeddable":true,"href":"https:\/\/ligamercedina.com\/web\/wp-json\/wp\/v2\/tags?post=920"}],"curies":[{"name":"wp","href":"https:\/\/api.w.org\/{rel}","templated":true}]}}