{"id":875,"date":"2009-04-04T08:35:43","date_gmt":"2009-04-04T11:35:43","guid":{"rendered":"https:\/\/ligamercedina.com\/?p=875"},"modified":"2009-04-04T08:35:43","modified_gmt":"2009-04-04T11:35:43","slug":"futbol-infanto-juvenil-fecha-suspendida","status":"publish","type":"post","link":"https:\/\/ligamercedina.com\/web\/futbol-infanto-juvenil-fecha-suspendida\/","title":{"rendered":"FUTBOL INFANTO JUVENIL: FECHA SUSPENDIDA"},"content":{"rendered":"<blockquote><p><strong>Tambi\u00e9n en la jornada de esta ma\u00f1ana, la Comisi\u00f3n Directiva de la Liga Mercedina, decidi\u00f3 la suspensi\u00f3n de la fecha programada por los torneos del Departamento de F\u00fatbol Infanto Juvenil, previstos para hoy s\u00e1bado.<br \/>\nDe esta manera, la actividad se reiniciar\u00e1 el s\u00e1bado 18 de abril, teniendo en cuenta que el pr\u00f3ximo fin de semana no se jugar\u00e1, debido a las celebraciones de Pascuas.<\/strong><\/p><\/blockquote>\n","protected":false},"excerpt":{"rendered":"<p>Tambi\u00e9n en la jornada de esta ma\u00f1ana, la Comisi\u00f3n Directiva de la Liga Mercedina, decidi\u00f3 la suspensi\u00f3n de la fecha programada por los torneos del Departamento de F\u00fatbol Infanto Juvenil, previstos para hoy s\u00e1bado. De esta manera, la actividad se reiniciar\u00e1 el s\u00e1bado 18 de abril, teniendo en cuenta que el pr\u00f3ximo fin de semana no se jugar\u00e1, debido a<\/p>\n","protected":false},"author":1,"featured_media":0,"comment_status":"open","ping_status":"open","sticky":false,"template":"","format":"standard","meta":{"footnotes":""},"categories":[4],"tags":[],"class_list":["post-875","post","type-post","status-publish","format-standard","hentry","category-informaciongeneral"],"_links":{"self":[{"href":"https:\/\/ligamercedina.com\/web\/wp-json\/wp\/v2\/posts\/875","targetHints":{"allow":["GET"]}}],"collection":[{"href":"https:\/\/ligamercedina.com\/web\/wp-json\/wp\/v2\/posts"}],"about":[{"href":"https:\/\/ligamercedina.com\/web\/wp-json\/wp\/v2\/types\/post"}],"author":[{"embeddable":true,"href":"https:\/\/ligamercedina.com\/web\/wp-json\/wp\/v2\/users\/1"}],"replies":[{"embeddable":true,"href":"https:\/\/ligamercedina.com\/web\/wp-json\/wp\/v2\/comments?post=875"}],"version-history":[{"count":0,"href":"https:\/\/ligamercedina.com\/web\/wp-json\/wp\/v2\/posts\/875\/revisions"}],"wp:attachment":[{"href":"https:\/\/ligamercedina.com\/web\/wp-json\/wp\/v2\/media?parent=875"}],"wp:term":[{"taxonomy":"category","embeddable":true,"href":"https:\/\/ligamercedina.com\/web\/wp-json\/wp\/v2\/categories?post=875"},{"taxonomy":"post_tag","embeddable":true,"href":"https:\/\/ligamercedina.com\/web\/wp-json\/wp\/v2\/tags?post=875"}],"curies":[{"name":"wp","href":"https:\/\/api.w.org\/{rel}","templated":true}]}}