{"id":810,"date":"2009-04-02T10:48:05","date_gmt":"2009-04-02T13:48:05","guid":{"rendered":"https:\/\/ligamercedina.com\/?p=810"},"modified":"2009-04-02T10:48:05","modified_gmt":"2009-04-02T13:48:05","slug":"horarios-para-el-fin-de-semana-27","status":"publish","type":"post","link":"https:\/\/ligamercedina.com\/web\/horarios-para-el-fin-de-semana-27\/","title":{"rendered":"HORARIOS PARA EL FIN DE SEMANA"},"content":{"rendered":"<ul>\n<strong>PRIMERA DIVISION<\/strong><\/ul>\n<p><em><strong>S\u00e1bado<\/strong><\/em><br \/>\n12 hs. Ateneo Vs. San Marcos FC<br \/>\n14 hs. Cruzados FC Vs. Pabell\u00f3n Argentino<br \/>\n16 hs. Quilmes Vs. Comunicaciones<\/p>\n<p><em><strong>Domingo<\/strong><\/em><br \/>\n15 HS. V\u00e9lez Sarsfield Vs. Juventud<br \/>\n15 HS. El Front\u00f3n Vs. Los Palometas<\/p>\n<ul>\n<strong>FUTBOL INFANTIL<\/strong> (S\u00e1bado)<\/ul>\n<p><em><strong>El Front\u00f3n Vs. Mercedes<\/strong><\/em><br \/>\nCategor\u00eda 2001: 13:45 hs.<br \/>\nCategor\u00eda 2000: 14,45 hs.<br \/>\nCategor\u00eda 99: 15,45 hs.<br \/>\nCategor\u00eda 98: 16:45 hs.<\/p>\n<p>Categor\u00eda 97: 13 hs.<br \/>\nCategor\u00eda 96: 14 hs.<br \/>\nCategor\u00eda 92-93: 15 hs.<br \/>\nCategor\u00eda 95: 16,45 hs.<br \/>\nCategor\u00eda 94: 18 hs.<\/p>\n<p><em><strong>V\u00e9lez Vs. Quilmes<\/strong><\/em><br \/>\nCategor\u00eda 2001: 14,30 hs.<br \/>\nCategor\u00eda 2000: 15,30 hs.<br \/>\nCategor\u00eda 99: 16,30 hs.<br \/>\nCategor\u00eda 98: 17,30 hs.<\/p>\n<p>Categor\u00eda 97: 12,30 hs.<br \/>\nCategor\u00eda 96: 13,30 hs.<br \/>\nCategor\u00eda 92-93: 14,30 hs.<br \/>\nCategor\u00eda 95: 16,15 hs.<br \/>\nCategor\u00eda 94: 17,30 hs.<\/p>\n<p><em><strong>Estudiantes Vs. Mercedes \u00abA\u00bb<\/strong><\/em><br \/>\nCategor\u00eda 2001: 14,30 hs.<br \/>\nCategor\u00eda 2000: 15,30 hs.<br \/>\nCategor\u00eda 99: 16,30 hs.<br \/>\nCategor\u00eda 98: 17,30 hs.<\/p>\n<p>Categor\u00eda 97: 12,30 hs.<br \/>\nCategor\u00eda 96: 13,30 hs.<br \/>\nCategor\u00eda 92-93: 14,30 hs.<br \/>\nCategor\u00eda 95: 16,15 hs.<br \/>\nCategor\u00eda 94: 17,30 hs.<\/p>\n<p><em><strong>Juventud Vs. Uni\u00f3n<\/strong><\/em><br \/>\nCategor\u00eda 2001: 14,30 hs.<br \/>\nCategor\u00eda 2000: 15,30 hs.<br \/>\nCategor\u00eda 99: 16,30 hs.<br \/>\nCategor\u00eda 98: 17,30 hs.<\/p>\n<p>Categor\u00eda 97: 13,30 hs.<\/p>\n","protected":false},"excerpt":{"rendered":"<p>PRIMERA DIVISION S\u00e1bado 12 hs. Ateneo Vs. San Marcos FC 14 hs. Cruzados FC Vs. Pabell\u00f3n Argentino 16 hs. Quilmes Vs. Comunicaciones Domingo 15 HS. V\u00e9lez Sarsfield Vs. Juventud 15 HS. El Front\u00f3n Vs. Los Palometas FUTBOL INFANTIL (S\u00e1bado) El Front\u00f3n Vs. Mercedes Categor\u00eda 2001: 13:45 hs. Categor\u00eda 2000: 14,45 hs. Categor\u00eda 99: 15,45 hs. Categor\u00eda 98: 16:45 hs. Categor\u00eda<\/p>\n","protected":false},"author":1,"featured_media":0,"comment_status":"open","ping_status":"open","sticky":false,"template":"","format":"standard","meta":{"footnotes":""},"categories":[4],"tags":[],"class_list":["post-810","post","type-post","status-publish","format-standard","hentry","category-informaciongeneral"],"_links":{"self":[{"href":"https:\/\/ligamercedina.com\/web\/wp-json\/wp\/v2\/posts\/810","targetHints":{"allow":["GET"]}}],"collection":[{"href":"https:\/\/ligamercedina.com\/web\/wp-json\/wp\/v2\/posts"}],"about":[{"href":"https:\/\/ligamercedina.com\/web\/wp-json\/wp\/v2\/types\/post"}],"author":[{"embeddable":true,"href":"https:\/\/ligamercedina.com\/web\/wp-json\/wp\/v2\/users\/1"}],"replies":[{"embeddable":true,"href":"https:\/\/ligamercedina.com\/web\/wp-json\/wp\/v2\/comments?post=810"}],"version-history":[{"count":5,"href":"https:\/\/ligamercedina.com\/web\/wp-json\/wp\/v2\/posts\/810\/revisions"}],"predecessor-version":[{"id":870,"href":"https:\/\/ligamercedina.com\/web\/wp-json\/wp\/v2\/posts\/810\/revisions\/870"}],"wp:attachment":[{"href":"https:\/\/ligamercedina.com\/web\/wp-json\/wp\/v2\/media?parent=810"}],"wp:term":[{"taxonomy":"category","embeddable":true,"href":"https:\/\/ligamercedina.com\/web\/wp-json\/wp\/v2\/categories?post=810"},{"taxonomy":"post_tag","embeddable":true,"href":"https:\/\/ligamercedina.com\/web\/wp-json\/wp\/v2\/tags?post=810"}],"curies":[{"name":"wp","href":"https:\/\/api.w.org\/{rel}","templated":true}]}}