{"id":758,"date":"2009-02-16T16:13:09","date_gmt":"2009-02-16T19:13:09","guid":{"rendered":"https:\/\/ligamercedina.com\/?p=758"},"modified":"2009-02-16T16:13:09","modified_gmt":"2009-02-16T19:13:09","slug":"a-las-1930-debuta-el-sub-17","status":"publish","type":"post","link":"https:\/\/ligamercedina.com\/web\/a-las-1930-debuta-el-sub-17\/","title":{"rendered":"PRESENTARON  LA FASE FINAL DEL SUB 17"},"content":{"rendered":"<p><img src='https:\/\/ligamercedina.com\/wp-content\/lanzamiento2.jpg' alt='' \/><br \/>\nImagen del Presidente del Consejo Federal Gustavo Cereza junto a los delegos en la reuni\u00f3n celebrada esta ma\u00f1ana. En la misma aparecen el representante de la Liga Mercedina Juan Dagnino y el delegado del equipo Sr. Dadea.<\/p>\n<p><ins datetime=\"2009-02-16T19:34:21+00:00\"><strong>El Nacional Sub 17 fue presentado de manera oficial  <\/strong><\/ins><br \/>\n<em><strong>Con la presencia del presidente del Consejo Federal del F\u00fatbol, Gustavo Ceresa, el Ministro de Turismo, Cultura y Deportes de la Provincia, Bartolom\u00e9 Abdala y el responsable del programa provincial Deporte, Ricardo Becerra se realiz\u00f3 el lanzamiento del torneo en la sede del Ministerio en pleno centro de la capital puntana.<\/strong><\/em><\/p>\n<p>La capital puntana se visti\u00f3 de gala para recibir al Torneo Nacional Sub 17, un campeonato organizado por el Consejo Federal del F\u00fatbol con la colaboraci\u00f3n de la Liga Sanluise\u00f1a y el Ministerio de Deportes de la provincia. Por la ma\u00f1ana en la sede del Ministerio de Turismo, Cultura y Deportes, en pleno centro de la ciudad, se realiz\u00f3 la presentaci\u00f3n oficial de la competencia que comenzar\u00e1 esta tarde con siete encuentros en las tres sedes designadas: los estadios de Juventud, Estudiantes y el Provincial de La Punta.<br \/>\nCon la presencia del anfitri\u00f3n, el Ministro Bartolom\u00e9 Abdala, el responsable del programa provincial, Ricardo Becerra, y el Presidente Ejecutivo del Consejo Federal del F\u00fatbol, Gustavo Ceresa, los medios de comunicaci\u00f3n de todo el pa\u00eds tuvieron la posibilidad de preguntar sobre este torneo que re\u00fane a las mejores 14 ligas de todo el pa\u00eds en la categor\u00eda 1991.<br \/>\nTras el merecido homenaje al fallecido \u00c1lvaro Castro, el ministro Abdala present\u00f3 en sociedad ante la comunidad puntana a Gustavo Ceresa y expres\u00f3: <em><strong>\u00abEs muy importante para la provincia poder recibir este torneo y espero que salga un gran espect\u00e1culo para los espectadores y los chicos puedan disfrutar jugando\u00bb<\/strong><\/em>.<\/p>\n<p> Por su parte el presidente del Consejo Federal agradeci\u00f3 las palabras de Abdala y sostuvo: <em><strong>\u00abNos sentimos muy c\u00f3modos en San Luis y estamos muy contentos. El recibimiento de esta provincia para todas las ligas, que llegan a esta instancia final luego de una clasificaci\u00f3n muy dura, fue excepcional. Yo he venido acompa\u00f1ando todos los torneos Sub 15 y Sub 17 y hemos mejorado a\u00f1o tras a\u00f1o para llegar a este que ser\u00e1 el broche de oro del que todo el pa\u00eds nunca se va a olvidar\u00bb<\/strong><\/em>.<br \/>\nEn la presentaci\u00f3n oficial se hizo especial hincapi\u00e9 en la relevancia de este torneo que ser\u00e1 presenciado por el Coordinador General de Selecciones Juveniles, Sergio Batista, y el responsable del Programa \u00abApertura Interior\u00bb de la Asociaci\u00f3n del F\u00fatbol Argentino, el profesor Gerardo Salorio.<\/p>\n<p><strong>Reuni\u00f3n de delegados<\/strong><br \/>\nTras la presentaci\u00f3n oficial, el presidente del Consejo Federal, Gustavo Ceresa, se traslad\u00f3 hasta el hotel de la organizaci\u00f3n para realizar la reuni\u00f3n previa con los representantes de las 14 ligas participantes.<br \/>\nEn esta reuni\u00f3n se ratificaron los horarios de las primeras tres fechas del torneo, se aprob\u00f3 que se podr\u00e1n realizar cinco cambios con tres interrupciones de juego por equipo y se estableci\u00f3, tal cual estaba escrito en el reglamento, que se realizar\u00e1n dos tiempos de 35 minutos cada uno.<\/p>\n<p> En esta reuni\u00f3n el presidente del Consejo Federal pidi\u00f3 especial hincapi\u00e9 en el comportamiento de los chicos tanto dentro como fuera del campo de juego y que cada delegado o responsable fomente la diversi\u00f3n de su plantel por sobre el resultado deportivo.<br \/>\n<em><strong>\u00abSi bien mis responsabilidades en Buenos Aires me obligan a regresar esta misma tarde a la Capital, no quer\u00eda dejar de venir para desearles suerte en el torneo y aprovechar para ratificar las palabras del presidente Julio Grondona: el f\u00fatbol de AFA es uno s\u00f3lo y el interior cada vez est\u00e1 m\u00e1s presente a trav\u00e9s de los distintos torneos que organiza el Consejo Federal\u00bb<\/strong><\/em>, sintetiz\u00f3 Ceresa como despedida.<\/p>\n<p><strong>Designaci\u00f3n de \u00e1rbitros<\/strong><br \/>\nPor \u00faltimo en la antesala del f\u00fatbol se realiz\u00f3 una reuni\u00f3n con los \u00e1rbitros para refrescar algunos conceptos del torneo y adem\u00e1s realizar las designaciones para la primera jornada de este lunes. Para este inicio fueron determinados todos \u00e1rbitros puntanos y Sebasti\u00e1n M\u00e1laga de Olavarr\u00eda. La lista de jueces para este arranque de torneo qued\u00f3 conformada de la siguiente manera.<\/p>\n","protected":false},"excerpt":{"rendered":"<p>Imagen del Presidente del Consejo Federal Gustavo Cereza junto a los delegos en la reuni\u00f3n celebrada esta ma\u00f1ana. En la misma aparecen el representante de la Liga Mercedina Juan Dagnino y el delegado del equipo Sr. Dadea. El Nacional Sub 17 fue presentado de manera oficial Con la presencia del presidente del Consejo Federal del F\u00fatbol, Gustavo Ceresa, el Ministro<\/p>\n","protected":false},"author":1,"featured_media":0,"comment_status":"open","ping_status":"open","sticky":false,"template":"","format":"standard","meta":{"footnotes":""},"categories":[4],"tags":[],"class_list":["post-758","post","type-post","status-publish","format-standard","hentry","category-informaciongeneral"],"_links":{"self":[{"href":"https:\/\/ligamercedina.com\/web\/wp-json\/wp\/v2\/posts\/758","targetHints":{"allow":["GET"]}}],"collection":[{"href":"https:\/\/ligamercedina.com\/web\/wp-json\/wp\/v2\/posts"}],"about":[{"href":"https:\/\/ligamercedina.com\/web\/wp-json\/wp\/v2\/types\/post"}],"author":[{"embeddable":true,"href":"https:\/\/ligamercedina.com\/web\/wp-json\/wp\/v2\/users\/1"}],"replies":[{"embeddable":true,"href":"https:\/\/ligamercedina.com\/web\/wp-json\/wp\/v2\/comments?post=758"}],"version-history":[{"count":0,"href":"https:\/\/ligamercedina.com\/web\/wp-json\/wp\/v2\/posts\/758\/revisions"}],"wp:attachment":[{"href":"https:\/\/ligamercedina.com\/web\/wp-json\/wp\/v2\/media?parent=758"}],"wp:term":[{"taxonomy":"category","embeddable":true,"href":"https:\/\/ligamercedina.com\/web\/wp-json\/wp\/v2\/categories?post=758"},{"taxonomy":"post_tag","embeddable":true,"href":"https:\/\/ligamercedina.com\/web\/wp-json\/wp\/v2\/tags?post=758"}],"curies":[{"name":"wp","href":"https:\/\/api.w.org\/{rel}","templated":true}]}}