{"id":757,"date":"2009-02-15T15:39:27","date_gmt":"2009-02-15T18:39:27","guid":{"rendered":"https:\/\/ligamercedina.com\/?p=757"},"modified":"2009-02-15T15:39:27","modified_gmt":"2009-02-15T18:39:27","slug":"torneo-del-interior-palometas-juega-gran-chance-de-la-clasificacion","status":"publish","type":"post","link":"https:\/\/ligamercedina.com\/web\/torneo-del-interior-palometas-juega-gran-chance-de-la-clasificacion\/","title":{"rendered":"TORNEO DEL INTERIOR: PALOMETAS TAMBIEN CERCA DE LA CLASIFICACION"},"content":{"rendered":"<p><img src='https:\/\/ligamercedina.com\/wp-content\/DSC07230.JPG' alt='' \/><\/p>\n<p><em><strong>Con f\u00fatbol y garra<\/strong><\/em><br \/>\n<ins datetime=\"2009-02-16T18:26:46+00:00\"><strong>Palometas tiene su objetivo a la vista<\/strong><\/ins><br \/>\n<em><strong>Con gol de Alejandro Huici le gan\u00f3 1 a 0 a 9 de Julio de Chacabuco y se consolida como l\u00edder de la zona 60. En la pr\u00f3xima fecha visita a Social Moquehua \u2013ya eliminado-  y si gana estar\u00e1 en la siguiente fase del Torneo del Interior.<\/strong><\/em><\/p>\n<p>Sufriendo hasta el \u00faltimo instante, pero con mucha voluntad en todo momento Palometas dio un paso mas que importante de cara a la clasificaci\u00f3n a la siguiente fase.<!--more--><br \/>\nLe gan\u00f3 por diferencia m\u00ednima a 9 de Julio de Chacabuco que lleg\u00f3 a Mercedes con la ilusi\u00f3n de al menos llevarse un punto, ya que en sus \u00faltimos dos compromisos de la zona, jugar\u00e1 como local.<br \/>\nAhora las cosas est\u00e1n mucho m\u00e1s claras para el conjunto dirigido t\u00e1cticamente por Diego Silvestre, porque est\u00e1, junto a Gimnasia, en lo m\u00e1s alto de la tabla, y con una diferencia de cuatro unidades sobre el tercero; precisamente el equipo que enfrent\u00f3 ayer.<br \/>\nEl pr\u00f3ximo fin de semana, el granate enfrentar\u00e1 como visitante a Social Moquehu\u00e1 que en esta fecha perdi\u00f3 toda posibilidad de lograr el pase a la siguiente ronda.<br \/>\nPor eso, la importancia de la victoria conseguida en la tarde de ayer, y que plasm\u00f3 en la red muy r\u00e1pido, porque cuando solo se jugaban 10 minutos, Libares desbord\u00f3 por izquierda, lleg\u00f3 al fondo, mand\u00f3 un centro por bajo, donde el arquero Ramundo debi\u00f3 estirarse para desviar el bal\u00f3n, pero con la mala fortuna para su equipo, que en el  rebote, la pelota le qued\u00f3 justo a Huici, quien no desaprovech\u00f3 la oportunidad.<br \/>\nEl gol de ventaja le dio mucha tranquilidad a Palometas, y oblig\u00f3 al equipo visitante a ir a buscar el resultado. Con un juego deslucido, durante diez minutos poco paso, hasta que a los 20 Ventura debi\u00f3 esforzarse en dos llegadas consecutivas. Fueron los peores minutos para los mercedinos, porque tres minutos despu\u00e9s, nuevamente el arquero granate debi\u00f3 esforzarse ante un disparo de Salinas.<br \/>\nPalometas fue prolijo en la mitad de la cancha, sobre todo \u2013como siempre- con el gran despliegue de Regueiro, y los aporte de De Rosas y Morada.<br \/>\nPara este juego el t\u00e9cnico Silvestre decidi\u00f3 introducir variantes con respecto al empate ante Gimnasia, porque volvieron a la alineaci\u00f3n titular Chappe y Portessi, mientras que debut\u00f3 Mart\u00edn Dome en lugar del suspendido Quiroga.<br \/>\nEn el complemento, 9 de Julio sali\u00f3 con todo, tratando de que la pelota pasara siempre por los pies de Leytes, quien se mostr\u00f3 como lanzador permanente para asistir a Dieguez y Salinas. Y fue precisamente este \u00faltimo quien cuando se jugaban 8 minutos, casi marca el empate, porque sali\u00f3 muy bien de la marca de Libares, lleg\u00f3 al fondo, y en el centro la pelota dio en Chappe y posteriormente en el palo, cuando el arquero Ventura hab\u00eda ido a buscar el centro.<br \/>\nEsa jugada hizo despertar a Palometas y a los 14 lo pudo haber definido, porque en una contra casi perfecta, Morada qued\u00f3 habilitado cara a cara ante el arquero, quien mand\u00f3 al corner la pelota tras el remate cruzado del delantero.<br \/>\nDos minutos despu\u00e9s, gran error del \u00e1rbitro, porque un defensor volte\u00f3 a Huici dentro del \u00e1rea, y no sancion\u00f3 lo que era una clara infracci\u00f3n de pena m\u00e1xima.<br \/>\nY en los \u00faltimos veinte minutos 9 de Julio trat\u00f3 de apostar a los pelotazos frontales, donde Chappe y Stopiello fueron fundamentales para cuidar el arco.<br \/>\nA los 29, Leytes tuvo una clara situaci\u00f3n de gol, pero tras su definici\u00f3n, una vez m\u00e1s Ventura se transform\u00f3 en figura fundamental para cuidar el cero.<br \/>\nEn el final lleg\u00f3 al expulsi\u00f3n de Tes\u00f3n en el visitante, y una llegada clara de Palometas a trav\u00e9s de Portessi, que culmin\u00f3 con el arquero mandando la pelota al c\u00f3rner.<br \/>\nPalometas se qued\u00f3 con el triunfo y el objetivo est\u00e1 mas cerca. Ahora vienen dos compromisos en Chivilcoy; primero ante Social Moquehu\u00e1 y luego ante Gimnasia, aunque claro est\u00e1, que si gana el pr\u00f3ximo fin de semana el \u00faltimo partido estar\u00e1 de m\u00e1s, y ya habr\u00e1 que pensar en la pr\u00f3xima ronda.<\/p>\n<p><strong>PALOMETAS  -1-:<\/strong>  Jos\u00e9 Ventura,Germ\u00e1n Stopiello, Eduardo Libares, Mart\u00edn Dome, Mart\u00edn Pastor, Diego Chappe, Rosendo Regueiro, Santiago Portessi, Alejandro Morada, Alejandro Huici y Ezequiel De Rosas. <em><strong>DT:<\/strong><\/em> Diego Silvestre<br \/>\n<em><strong>Relevos:<\/strong><\/em> Maximiliano Gim\u00e9nez y  Nicol\u00e1s Vallejo<\/p>\n<p><strong>9 DE JULIO (CHACABUCO) -0-:<\/strong>  Cristian Ramundo, Ricardo Ruggeri, Pablo Pavesa, Nazareno Milione, Ignacio R\u00fagolo, Joaqu\u00edn Colapietro Federico Fass\u00e1n, Mart\u00edn La Barba, Alejandro Dieguez, Mart\u00edn Salinas y Mauricio Leytes. <em><strong>DT:<\/strong><\/em> Alejandro Santana. <strong>Relevos:<\/strong>  Alberto Marcelli, Mart\u00edn M\u00e9ndez y Sebasti\u00e1n Colaneri<\/p>\n<p><strong>GOL:<\/strong> PT 9\u2019 Huici<br \/>\n<strong>CAMBIOS:<\/strong> En Palometas: Mat\u00edas Silea, Juan Vitetta e Ignacio Lennard por Morada, Huici y De Rosas. En 9 de Julio: Miguel Blanco y Juan Tes\u00f3n por Milione y Fass\u00e1n.<br \/>\n<strong>INCIDENCIAS:<\/strong> ST 41\u2019 Expulsado Tes\u00f3n (9 de J).<br \/>\n<strong>ARBITRO:<\/strong> Gast\u00f3n Tejeiro (Liga de Chivilcoy) \u2013Regular-<\/p>\n<p><em><strong>Pr\u00f3xima Fecha: pen\u00faltima<\/strong><\/em><br \/>\nSocial Moqueh\u00faa Vs. PALOMETAS<br \/>\n9 de Julio Vs. Gimnasia<\/p>\n<p><em><strong>TEXTO: SEMANARIO PROTAGONISTAS DE MERCEDES<\/strong><\/em><\/p>\n","protected":false},"excerpt":{"rendered":"<p>Con f\u00fatbol y garra Palometas tiene su objetivo a la vista Con gol de Alejandro Huici le gan\u00f3 1 a 0 a 9 de Julio de Chacabuco y se consolida como l\u00edder de la zona 60. En la pr\u00f3xima fecha visita a Social Moquehua \u2013ya eliminado- y si gana estar\u00e1 en la siguiente fase del Torneo del Interior. Sufriendo hasta<\/p>\n","protected":false},"author":1,"featured_media":0,"comment_status":"open","ping_status":"open","sticky":false,"template":"","format":"standard","meta":{"footnotes":""},"categories":[4],"tags":[],"class_list":["post-757","post","type-post","status-publish","format-standard","hentry","category-informaciongeneral"],"_links":{"self":[{"href":"https:\/\/ligamercedina.com\/web\/wp-json\/wp\/v2\/posts\/757","targetHints":{"allow":["GET"]}}],"collection":[{"href":"https:\/\/ligamercedina.com\/web\/wp-json\/wp\/v2\/posts"}],"about":[{"href":"https:\/\/ligamercedina.com\/web\/wp-json\/wp\/v2\/types\/post"}],"author":[{"embeddable":true,"href":"https:\/\/ligamercedina.com\/web\/wp-json\/wp\/v2\/users\/1"}],"replies":[{"embeddable":true,"href":"https:\/\/ligamercedina.com\/web\/wp-json\/wp\/v2\/comments?post=757"}],"version-history":[{"count":0,"href":"https:\/\/ligamercedina.com\/web\/wp-json\/wp\/v2\/posts\/757\/revisions"}],"wp:attachment":[{"href":"https:\/\/ligamercedina.com\/web\/wp-json\/wp\/v2\/media?parent=757"}],"wp:term":[{"taxonomy":"category","embeddable":true,"href":"https:\/\/ligamercedina.com\/web\/wp-json\/wp\/v2\/categories?post=757"},{"taxonomy":"post_tag","embeddable":true,"href":"https:\/\/ligamercedina.com\/web\/wp-json\/wp\/v2\/tags?post=757"}],"curies":[{"name":"wp","href":"https:\/\/api.w.org\/{rel}","templated":true}]}}