{"id":750,"date":"2009-01-28T20:56:47","date_gmt":"2009-01-28T23:56:47","guid":{"rendered":"https:\/\/ligamercedina.com\/?p=750"},"modified":"2009-01-28T20:56:47","modified_gmt":"2009-01-28T23:56:47","slug":"torneo-del-interior-sanciones-del-tribunal-de-penas","status":"publish","type":"post","link":"https:\/\/ligamercedina.com\/web\/torneo-del-interior-sanciones-del-tribunal-de-penas\/","title":{"rendered":"TORNEO DEL INTERIOR: SANCIONES DEL TRIBUNAL DE PENAS"},"content":{"rendered":"<p>C<em><strong>lub Mercedes<\/strong><\/em><br \/>\nAngel Calder\u00f3n (1 partido de suspensi\u00f3n)<br \/>\nRa\u00fal Quintana (1 partido de suspensi\u00f3n)<\/p>\n<p><em><strong>Los Palometas<\/strong><\/em><br \/>\nDiego Chape (2 partidos de suspensi\u00f3n)<\/p>\n","protected":false},"excerpt":{"rendered":"<p>Club Mercedes Angel Calder\u00f3n (1 partido de suspensi\u00f3n) Ra\u00fal Quintana (1 partido de suspensi\u00f3n) Los Palometas Diego Chape (2 partidos de suspensi\u00f3n)<\/p>\n","protected":false},"author":1,"featured_media":0,"comment_status":"open","ping_status":"open","sticky":false,"template":"","format":"standard","meta":{"footnotes":""},"categories":[4],"tags":[],"class_list":["post-750","post","type-post","status-publish","format-standard","hentry","category-informaciongeneral"],"_links":{"self":[{"href":"https:\/\/ligamercedina.com\/web\/wp-json\/wp\/v2\/posts\/750","targetHints":{"allow":["GET"]}}],"collection":[{"href":"https:\/\/ligamercedina.com\/web\/wp-json\/wp\/v2\/posts"}],"about":[{"href":"https:\/\/ligamercedina.com\/web\/wp-json\/wp\/v2\/types\/post"}],"author":[{"embeddable":true,"href":"https:\/\/ligamercedina.com\/web\/wp-json\/wp\/v2\/users\/1"}],"replies":[{"embeddable":true,"href":"https:\/\/ligamercedina.com\/web\/wp-json\/wp\/v2\/comments?post=750"}],"version-history":[{"count":0,"href":"https:\/\/ligamercedina.com\/web\/wp-json\/wp\/v2\/posts\/750\/revisions"}],"wp:attachment":[{"href":"https:\/\/ligamercedina.com\/web\/wp-json\/wp\/v2\/media?parent=750"}],"wp:term":[{"taxonomy":"category","embeddable":true,"href":"https:\/\/ligamercedina.com\/web\/wp-json\/wp\/v2\/categories?post=750"},{"taxonomy":"post_tag","embeddable":true,"href":"https:\/\/ligamercedina.com\/web\/wp-json\/wp\/v2\/tags?post=750"}],"curies":[{"name":"wp","href":"https:\/\/api.w.org\/{rel}","templated":true}]}}