{"id":737,"date":"2008-12-08T20:17:05","date_gmt":"2008-12-08T23:17:05","guid":{"rendered":"https:\/\/ligamercedina.com\/?p=737"},"modified":"2008-12-08T20:17:05","modified_gmt":"2008-12-08T23:17:05","slug":"futbol-infantil-estan-los-finalistas-del-torneo-80-aniversario","status":"publish","type":"post","link":"https:\/\/ligamercedina.com\/web\/futbol-infantil-estan-los-finalistas-del-torneo-80-aniversario\/","title":{"rendered":"FUTBOL INFANTIL: ESTAN LOS FINALISTAS DEL TORNEO 80 ANIVERSARIO"},"content":{"rendered":"<p>Se jugaron esta tarde los partidos correspondientes a las semifinales del Torneo 80 Aniversario, cuyas finales se jugar\u00e1n el pr\u00f3ximo s\u00e1bado en cancha de Comunicaciones con horarios a confirmar.<br \/>\nRESULTADOS<\/p>\n<p><strong>CATEGORIA 97<\/strong><br \/>\nMERCEDES: -1-; Marcos Cagnone<br \/>\nJUVENTUD: -3-; Alejo P\u00e9rez Zunino, Sebasti\u00e1n S\u00e1nchez y Carlos Diehl<\/p>\n<p>ATENEO: -1-; Enzo Medina<br \/>\nVELEZ: -1-; Gustavo Lucero<br \/>\n<em><strong>Por penales gan\u00f3 Ateneo 3 a 1.<\/strong><\/em><\/p>\n<p><strong>Juventud y Ateneo jugar\u00e1n la final.<\/strong><\/p>\n<p>_____________________________________________________________<\/p>\n<p><strong>CATEGORIA 98<\/strong><br \/>\nUNION: -1-; Iv\u00e1n Mercado<br \/>\nJUVENTUD: -2-; Juli\u00e1n G\u00f3mez y Santiago Flynn<\/p>\n<p>VELEZ: -1-; Luis Islas<br \/>\nESTUDIANTES: -2-; Dami\u00e1n Mansilla (2)<\/p>\n<p><em><strong>Juventud y Estudiantes jugar\u00e1n la final.<\/strong><\/em><\/p>\n<p>_____________________________________________________________<\/p>\n<p><strong>CATEGORIA 99<\/strong><br \/>\nQUILMES: -3-; Joaqu\u00edn Dabove, Joaqu\u00edn Pedeuboy y Joaqu\u00edn Ponti<br \/>\nMERCEDES \u00abA\u00bb: -3-; Franco Dufourquet, Sebasti\u00e1n Esnaola y Franco Valle.<br \/>\n<em><strong>Por penales gan\u00f3 Mercedes \u00abA\u00bb 5 a 4.<\/strong><\/em><\/p>\n<p>VELEZ: -1-; Cristian Aguero<br \/>\nATENEO: -1-; Francisco Delvento<br \/>\n<em><strong>Por penales gan\u00f3 V\u00e9lez 6 a 5<\/strong><\/em><\/p>\n<p><strong>Mercedes \u00abA\u00bb y V\u00e9lez jugar\u00e1n la final.<\/strong><\/p>\n<p>_________________________________________________________<\/p>\n<p><strong>CATEGORIA 2000<\/strong><br \/>\nVELEZ: -0-<br \/>\nQUILMES: -3-; Mat\u00edas L\u00f3pez, Bruno Ibaldi y Tom\u00e1s Zalba<\/p>\n<p>MERCEDES: -0-<br \/>\nCOMUNICACIONES: -0-<br \/>\nPor penales gan\u00f3 Mercedes 3 a 1<\/p>\n<p><em><strong>Club Mercedes y Quilmes jugar\u00e1n la final<\/strong><\/em><\/p>\n","protected":false},"excerpt":{"rendered":"<p>Se jugaron esta tarde los partidos correspondientes a las semifinales del Torneo 80 Aniversario, cuyas finales se jugar\u00e1n el pr\u00f3ximo s\u00e1bado en cancha de Comunicaciones con horarios a confirmar. RESULTADOS CATEGORIA 97 MERCEDES: -1-; Marcos Cagnone JUVENTUD: -3-; Alejo P\u00e9rez Zunino, Sebasti\u00e1n S\u00e1nchez y Carlos Diehl ATENEO: -1-; Enzo Medina VELEZ: -1-; Gustavo Lucero Por penales gan\u00f3 Ateneo 3 a<\/p>\n","protected":false},"author":1,"featured_media":0,"comment_status":"open","ping_status":"open","sticky":false,"template":"","format":"standard","meta":{"footnotes":""},"categories":[4],"tags":[],"class_list":["post-737","post","type-post","status-publish","format-standard","hentry","category-informaciongeneral"],"_links":{"self":[{"href":"https:\/\/ligamercedina.com\/web\/wp-json\/wp\/v2\/posts\/737","targetHints":{"allow":["GET"]}}],"collection":[{"href":"https:\/\/ligamercedina.com\/web\/wp-json\/wp\/v2\/posts"}],"about":[{"href":"https:\/\/ligamercedina.com\/web\/wp-json\/wp\/v2\/types\/post"}],"author":[{"embeddable":true,"href":"https:\/\/ligamercedina.com\/web\/wp-json\/wp\/v2\/users\/1"}],"replies":[{"embeddable":true,"href":"https:\/\/ligamercedina.com\/web\/wp-json\/wp\/v2\/comments?post=737"}],"version-history":[{"count":0,"href":"https:\/\/ligamercedina.com\/web\/wp-json\/wp\/v2\/posts\/737\/revisions"}],"wp:attachment":[{"href":"https:\/\/ligamercedina.com\/web\/wp-json\/wp\/v2\/media?parent=737"}],"wp:term":[{"taxonomy":"category","embeddable":true,"href":"https:\/\/ligamercedina.com\/web\/wp-json\/wp\/v2\/categories?post=737"},{"taxonomy":"post_tag","embeddable":true,"href":"https:\/\/ligamercedina.com\/web\/wp-json\/wp\/v2\/tags?post=737"}],"curies":[{"name":"wp","href":"https:\/\/api.w.org\/{rel}","templated":true}]}}