{"id":715,"date":"2008-11-15T20:04:45","date_gmt":"2008-11-15T23:04:45","guid":{"rendered":"https:\/\/ligamercedina.com\/?p=715"},"modified":"2008-11-15T20:04:45","modified_gmt":"2008-11-15T23:04:45","slug":"futbol-infantil-resultados-torneo-80-aniversario","status":"publish","type":"post","link":"https:\/\/ligamercedina.com\/web\/futbol-infantil-resultados-torneo-80-aniversario\/","title":{"rendered":"RESULTADOS DE LOS TORNEOS DE LA LIGA MERCEDINA"},"content":{"rendered":"<ul>\n<strong>FUTBOL INFANTIL: TORNEO 80 ANIVERSARIO<\/strong><\/ul>\n<p><strong>MERCEDES VS. MERCEDES \u00abA\u00bb<\/strong><br \/>\nCategor\u00eda 97: <strong>1<\/strong> (Lautaro Villabona) &#8211; <strong>0<\/strong><br \/>\nCategor\u00eda 98: <strong>0 &#8211; 1<\/strong> (Joaqu\u00edn Schenone)<br \/>\nCategor\u00eda 99: <strong>0 &#8211; 2<\/strong> (Franco Dufourquet e Ignacio Vaccareza)<br \/>\nCategor\u00eda 2000: <strong>3<\/strong> (Guido Rebagliatti 2 y Juan Bidone) &#8211; <strong>0<\/strong><\/p>\n<p><strong>VELEZ VS. UNION<\/strong><br \/>\nCategor\u00eda 97: <strong>2<\/strong> (Mart\u00edn Cardozo y Rodrigo L\u00f3pez) &#8211; <strong>0<\/strong><br \/>\nCategor\u00eda 98: <strong>0 &#8211; 2<\/strong> (Juan Fern\u00e1ndez 2)<br \/>\nCategor\u00eda 99: <strong>1<\/strong> (Tom\u00e1s Pietragallo) &#8211; <strong>0<\/strong><br \/>\nCategor\u00eda 2000: <strong>4<\/strong> (Agust\u00edn Alfonzo, Agust\u00edn G\u00f3mez 2 y Lautaro Trejo) &#8211; <strong>0<\/strong><\/p>\n<p><strong>JUVENTUD VS. ATENEO<\/strong><br \/>\nCategor\u00eda 97: <strong>1 (Marcos Sosa) &#8211; 1<\/strong> (Enzo Medina)<br \/>\nCategor\u00eda 98: <strong>3<\/strong> (Santiago Flynn, Mart\u00edn Hern\u00e1ndez y Mart\u00edn Nicolini) &#8211; <strong>0<\/strong><br \/>\nCategor\u00eda 99: <strong>0 &#8211; 1<\/strong> (Francisco Delvento)<br \/>\nCategor\u00eda 2000: <strong>1<\/strong> (Franco Taborda) &#8211; <strong>0<\/strong><\/p>\n<p><strong>COMUNICACIONES VS. ESTUDIANTES<\/strong><br \/>\nCategor\u00eda 97: <strong>0 &#8211; 0<\/strong><br \/>\nCategor\u00eda 98: <strong>0 &#8211; 6<\/strong> (Lucas Gallo 2, Dami\u00e1n Mansilla 2, Nahuel Maciel y Agust\u00edn Barrera)<br \/>\nCategor\u00eda 99: <strong>2<\/strong> (Mat\u00edas Carusi 2) &#8211; <strong>0<\/strong><br \/>\nCategor\u00eda 2000: <strong>2<\/strong> (Braian Ram\u00edrez y Enrique Torres) &#8211; <strong>0<\/strong><\/p>\n","protected":false},"excerpt":{"rendered":"<p>FUTBOL INFANTIL: TORNEO 80 ANIVERSARIO MERCEDES VS. MERCEDES \u00abA\u00bb Categor\u00eda 97: 1 (Lautaro Villabona) &#8211; 0 Categor\u00eda 98: 0 &#8211; 1 (Joaqu\u00edn Schenone) Categor\u00eda 99: 0 &#8211; 2 (Franco Dufourquet e Ignacio Vaccareza) Categor\u00eda 2000: 3 (Guido Rebagliatti 2 y Juan Bidone) &#8211; 0 VELEZ VS. UNION Categor\u00eda 97: 2 (Mart\u00edn Cardozo y Rodrigo L\u00f3pez) &#8211; 0 Categor\u00eda 98: 0<\/p>\n","protected":false},"author":1,"featured_media":0,"comment_status":"open","ping_status":"open","sticky":false,"template":"","format":"standard","meta":{"footnotes":""},"categories":[4],"tags":[],"class_list":["post-715","post","type-post","status-publish","format-standard","hentry","category-informaciongeneral"],"_links":{"self":[{"href":"https:\/\/ligamercedina.com\/web\/wp-json\/wp\/v2\/posts\/715","targetHints":{"allow":["GET"]}}],"collection":[{"href":"https:\/\/ligamercedina.com\/web\/wp-json\/wp\/v2\/posts"}],"about":[{"href":"https:\/\/ligamercedina.com\/web\/wp-json\/wp\/v2\/types\/post"}],"author":[{"embeddable":true,"href":"https:\/\/ligamercedina.com\/web\/wp-json\/wp\/v2\/users\/1"}],"replies":[{"embeddable":true,"href":"https:\/\/ligamercedina.com\/web\/wp-json\/wp\/v2\/comments?post=715"}],"version-history":[{"count":0,"href":"https:\/\/ligamercedina.com\/web\/wp-json\/wp\/v2\/posts\/715\/revisions"}],"wp:attachment":[{"href":"https:\/\/ligamercedina.com\/web\/wp-json\/wp\/v2\/media?parent=715"}],"wp:term":[{"taxonomy":"category","embeddable":true,"href":"https:\/\/ligamercedina.com\/web\/wp-json\/wp\/v2\/categories?post=715"},{"taxonomy":"post_tag","embeddable":true,"href":"https:\/\/ligamercedina.com\/web\/wp-json\/wp\/v2\/tags?post=715"}],"curies":[{"name":"wp","href":"https:\/\/api.w.org\/{rel}","templated":true}]}}