{"id":681,"date":"2008-10-17T18:21:57","date_gmt":"2008-10-17T21:21:57","guid":{"rendered":"https:\/\/ligamercedina.com\/?p=681"},"modified":"2008-10-17T18:21:57","modified_gmt":"2008-10-17T21:21:57","slug":"los-postergados-del-futbol-juvenil-van-el-lunes","status":"publish","type":"post","link":"https:\/\/ligamercedina.com\/web\/los-postergados-del-futbol-juvenil-van-el-lunes\/","title":{"rendered":"LOS POSTERGADOS DEL FUTBOL JUVENIL VAN EL LUNES"},"content":{"rendered":"<p><strong>HORARIOS<\/strong><\/p>\n<p><em><strong>Club Mercedes Vs. Estudiantes: Cancha Mercedes<\/strong><\/em><br \/>\n18:15 hs. Categor\u00eda 92 &#8211; 91<br \/>\n19:30 hs. Categor\u00eda 94<br \/>\n20:30 hs. Categor\u00eda 93<\/p>\n<p><em><strong>Ateneo Vs. V\u00e9lez: Cancha Liga Mercedina<\/strong><\/em><br \/>\n19:00 hs. Categor\u00eda 92 &#8211; 91<br \/>\n20:15 hs. Categor\u00eda 94<\/p>\n<p><em><strong>Quilmes Vs. Comunicaciones: Cancha Quilmes<\/strong><\/em><br \/>\n18:15 hs. Categor\u00eda 93<\/p>\n","protected":false},"excerpt":{"rendered":"<p>HORARIOS Club Mercedes Vs. Estudiantes: Cancha Mercedes 18:15 hs. Categor\u00eda 92 &#8211; 91 19:30 hs. Categor\u00eda 94 20:30 hs. Categor\u00eda 93 Ateneo Vs. V\u00e9lez: Cancha Liga Mercedina 19:00 hs. Categor\u00eda 92 &#8211; 91 20:15 hs. Categor\u00eda 94 Quilmes Vs. Comunicaciones: Cancha Quilmes 18:15 hs. Categor\u00eda 93<\/p>\n","protected":false},"author":1,"featured_media":0,"comment_status":"open","ping_status":"open","sticky":false,"template":"","format":"standard","meta":{"footnotes":""},"categories":[4],"tags":[],"class_list":["post-681","post","type-post","status-publish","format-standard","hentry","category-informaciongeneral"],"_links":{"self":[{"href":"https:\/\/ligamercedina.com\/web\/wp-json\/wp\/v2\/posts\/681","targetHints":{"allow":["GET"]}}],"collection":[{"href":"https:\/\/ligamercedina.com\/web\/wp-json\/wp\/v2\/posts"}],"about":[{"href":"https:\/\/ligamercedina.com\/web\/wp-json\/wp\/v2\/types\/post"}],"author":[{"embeddable":true,"href":"https:\/\/ligamercedina.com\/web\/wp-json\/wp\/v2\/users\/1"}],"replies":[{"embeddable":true,"href":"https:\/\/ligamercedina.com\/web\/wp-json\/wp\/v2\/comments?post=681"}],"version-history":[{"count":0,"href":"https:\/\/ligamercedina.com\/web\/wp-json\/wp\/v2\/posts\/681\/revisions"}],"wp:attachment":[{"href":"https:\/\/ligamercedina.com\/web\/wp-json\/wp\/v2\/media?parent=681"}],"wp:term":[{"taxonomy":"category","embeddable":true,"href":"https:\/\/ligamercedina.com\/web\/wp-json\/wp\/v2\/categories?post=681"},{"taxonomy":"post_tag","embeddable":true,"href":"https:\/\/ligamercedina.com\/web\/wp-json\/wp\/v2\/tags?post=681"}],"curies":[{"name":"wp","href":"https:\/\/api.w.org\/{rel}","templated":true}]}}