{"id":677,"date":"2008-10-15T23:06:32","date_gmt":"2008-10-16T02:06:32","guid":{"rendered":"https:\/\/ligamercedina.com\/?p=677"},"modified":"2008-10-15T23:06:32","modified_gmt":"2008-10-16T02:06:32","slug":"el-sub-17-vencio-a-junin-y-tambien-jugara-la-final-de-la-ronda-federacion","status":"publish","type":"post","link":"https:\/\/ligamercedina.com\/web\/el-sub-17-vencio-a-junin-y-tambien-jugara-la-final-de-la-ronda-federacion\/","title":{"rendered":"EL SUB 17 VENCIO A JUNIN Y TAMBI\u00c9N JUGAR\u00c1 LA FINAL DE LA RONDA FEDERACION"},"content":{"rendered":"<blockquote><p><strong>Hace instantes finaliz\u00f3 en cancha de la Liga el partido entre las selecciones de Mercedes y Jun\u00edn, donde nuestro representante se impuso por 2 a 1 con goles de Agust\u00edn Malano y Francisco Basualdo.<br \/>\nAhora, Mercedes jugar\u00e1 la final de la ronda Federaci\u00f3n ante Chacabuco<\/strong><\/p><\/blockquote>\n","protected":false},"excerpt":{"rendered":"<p>Hace instantes finaliz\u00f3 en cancha de la Liga el partido entre las selecciones de Mercedes y Jun\u00edn, donde nuestro representante se impuso por 2 a 1 con goles de Agust\u00edn Malano y Francisco Basualdo. Ahora, Mercedes jugar\u00e1 la final de la ronda Federaci\u00f3n ante Chacabuco<\/p>\n","protected":false},"author":1,"featured_media":0,"comment_status":"open","ping_status":"open","sticky":false,"template":"","format":"standard","meta":{"footnotes":""},"categories":[4],"tags":[],"class_list":["post-677","post","type-post","status-publish","format-standard","hentry","category-informaciongeneral"],"_links":{"self":[{"href":"https:\/\/ligamercedina.com\/web\/wp-json\/wp\/v2\/posts\/677","targetHints":{"allow":["GET"]}}],"collection":[{"href":"https:\/\/ligamercedina.com\/web\/wp-json\/wp\/v2\/posts"}],"about":[{"href":"https:\/\/ligamercedina.com\/web\/wp-json\/wp\/v2\/types\/post"}],"author":[{"embeddable":true,"href":"https:\/\/ligamercedina.com\/web\/wp-json\/wp\/v2\/users\/1"}],"replies":[{"embeddable":true,"href":"https:\/\/ligamercedina.com\/web\/wp-json\/wp\/v2\/comments?post=677"}],"version-history":[{"count":0,"href":"https:\/\/ligamercedina.com\/web\/wp-json\/wp\/v2\/posts\/677\/revisions"}],"wp:attachment":[{"href":"https:\/\/ligamercedina.com\/web\/wp-json\/wp\/v2\/media?parent=677"}],"wp:term":[{"taxonomy":"category","embeddable":true,"href":"https:\/\/ligamercedina.com\/web\/wp-json\/wp\/v2\/categories?post=677"},{"taxonomy":"post_tag","embeddable":true,"href":"https:\/\/ligamercedina.com\/web\/wp-json\/wp\/v2\/tags?post=677"}],"curies":[{"name":"wp","href":"https:\/\/api.w.org\/{rel}","templated":true}]}}