{"id":674,"date":"2008-10-14T17:46:08","date_gmt":"2008-10-14T20:46:08","guid":{"rendered":"https:\/\/ligamercedina.com\/?p=674"},"modified":"2008-10-14T17:46:08","modified_gmt":"2008-10-14T20:46:08","slug":"hoy-el-sub-15-y-manana-el-sub-17","status":"publish","type":"post","link":"https:\/\/ligamercedina.com\/web\/hoy-el-sub-15-y-manana-el-sub-17\/","title":{"rendered":"HOY EL SUB 15 Y MA\u00d1ANA EL SUB 17"},"content":{"rendered":"<p><strong>En la tarde de este martes, desde las 19:30 horas se jugar\u00e1 en cancha de la Liga el partido de Selecciones Sub 15 entre Mercedes y Chivilcoy.<br \/>\nEn el partido de ida igualaron 0 a 0 y de haber empate en el partido de hoy, se recurrir\u00e1 a la ejecuci\u00f3n de tiros penales.<\/p>\n<p>En tanto, ma\u00f1ana mi\u00e9rcoles, a partir de las 19:30 se jugar\u00e1 el encuentro de Sub 17 entre Mercedes y Jun\u00edn. En el partido de ida empataron 2 a 2.<\/strong><\/p>\n","protected":false},"excerpt":{"rendered":"<p>En la tarde de este martes, desde las 19:30 horas se jugar\u00e1 en cancha de la Liga el partido de Selecciones Sub 15 entre Mercedes y Chivilcoy. En el partido de ida igualaron 0 a 0 y de haber empate en el partido de hoy, se recurrir\u00e1 a la ejecuci\u00f3n de tiros penales. En tanto, ma\u00f1ana mi\u00e9rcoles, a partir de<\/p>\n","protected":false},"author":1,"featured_media":0,"comment_status":"open","ping_status":"open","sticky":false,"template":"","format":"standard","meta":{"footnotes":""},"categories":[4],"tags":[],"class_list":["post-674","post","type-post","status-publish","format-standard","hentry","category-informaciongeneral"],"_links":{"self":[{"href":"https:\/\/ligamercedina.com\/web\/wp-json\/wp\/v2\/posts\/674","targetHints":{"allow":["GET"]}}],"collection":[{"href":"https:\/\/ligamercedina.com\/web\/wp-json\/wp\/v2\/posts"}],"about":[{"href":"https:\/\/ligamercedina.com\/web\/wp-json\/wp\/v2\/types\/post"}],"author":[{"embeddable":true,"href":"https:\/\/ligamercedina.com\/web\/wp-json\/wp\/v2\/users\/1"}],"replies":[{"embeddable":true,"href":"https:\/\/ligamercedina.com\/web\/wp-json\/wp\/v2\/comments?post=674"}],"version-history":[{"count":0,"href":"https:\/\/ligamercedina.com\/web\/wp-json\/wp\/v2\/posts\/674\/revisions"}],"wp:attachment":[{"href":"https:\/\/ligamercedina.com\/web\/wp-json\/wp\/v2\/media?parent=674"}],"wp:term":[{"taxonomy":"category","embeddable":true,"href":"https:\/\/ligamercedina.com\/web\/wp-json\/wp\/v2\/categories?post=674"},{"taxonomy":"post_tag","embeddable":true,"href":"https:\/\/ligamercedina.com\/web\/wp-json\/wp\/v2\/tags?post=674"}],"curies":[{"name":"wp","href":"https:\/\/api.w.org\/{rel}","templated":true}]}}