{"id":668,"date":"2008-10-13T19:32:02","date_gmt":"2008-10-13T22:32:02","guid":{"rendered":"https:\/\/ligamercedina.com\/?p=668"},"modified":"2008-10-13T19:32:02","modified_gmt":"2008-10-13T22:32:02","slug":"en-instantes-todos-los-resultados-del-lunes","status":"publish","type":"post","link":"https:\/\/ligamercedina.com\/web\/en-instantes-todos-los-resultados-del-lunes\/","title":{"rendered":"RESULTADOS DEL LUNES"},"content":{"rendered":"<blockquote><p><strong>MERCEDES \u00abA\u00bb EN LA 95 Y ESTUDIANTES EN 98 SE CONSAGRARON CAMPEONES.<\/strong><\/p><\/blockquote>\n<p><img src='https:\/\/ligamercedina.com\/wp-content\/ESTUDIANTES98_01.jpg' alt='' \/><br \/>\n<strong>La 98 de Estudiantes gole\u00f3 en cancha de Mercedes y se qued\u00f3 con<br \/>\nel t\u00edtulo (Foto gentileza Semanario Protagonistas)<\/strong><\/p>\n<p><img src='https:\/\/ligamercedina.com\/wp-content\/MERCEDESA95.jpg' alt='' \/><br \/>\n<strong>A pesar de tener fecha libre, la 95 de Mercedes \u00abA\u00bb se consagr\u00f3<br \/>\ncampeona de su divisi\u00f3n (Foto gentileza Semanario Protagonistas)<\/strong><\/p>\n<p><a href=\"https:\/\/ligamercedina.com\/?page_id=12\">TODAS LAS POSICIONES<\/a><\/p>\n<p><em><strong>Ateneo Vs. V\u00e9lez<\/strong><\/em><br \/>\nCategor\u00eda 99:  <strong>4<\/strong> (Franscisco Delvento 2, Jer\u00f3nimo Puricelli y Enzo Spoturno) &#8211; <strong>0<\/strong><br \/>\nCategor\u00eda 98: <strong>0 &#8211; 2<\/strong> (Fabricio Chaparro y Yoel Lescano)<br \/>\nCategor\u00eda 97: <strong>2<\/strong> (Enzo Medina y Francisco Uncal) &#8211; <strong>1<\/strong> (Roberto Lugo)<br \/>\nCategor\u00eda 96: <strong>0 &#8211; 7<\/strong> (Rodrigo Colicigno, Franco Diez, Iv\u00e1n Quevedo 2 y Nicol\u00e1s Ram\u00edrez 3).<br \/>\nCategor\u00eda 95: <strong>0 &#8211; 0<\/strong><br \/>\nCategor\u00eda 93: <strong>1<\/strong> (Mat\u00edas Villalba) &#8211; <strong>4<\/strong> (Juli\u00e1n Celay, Diego L\u00f3pez, Maximiliano Porticella y Lucas Coletta)<\/p>\n<p><em><strong>Quilmes Vs. Comunicaciones<\/strong><\/em><br \/>\nCategor\u00eda 99: <strong>2<\/strong> (Joaqu\u00edn Dabove y Joaqu\u00edn Ponti) &#8211; <strong>0<\/strong><br \/>\nCategor\u00eda 98: <strong>3<\/strong> (Braian Cardozo y Mariano Giardelli 2) &#8211; <strong>0<\/strong><br \/>\nCategor\u00eda 97: <strong>2<\/strong> (Enzo Miguel y Emiliano Saavedra) &#8211; <strong>0<\/strong><br \/>\nCategor\u00eda 96: <strong>2<\/strong> (Lucas Mollo y Alexis Streffesa) &#8211; <strong>0<\/strong><br \/>\nCategor\u00eda 95: <strong>2<\/strong> (Juan Baraona y Gerardo Durand) &#8211; <strong>1<\/strong> (Nazareno Mu\u00f1oz)<br \/>\nCategor\u00eda 92 \u2013 91: <strong>3<\/strong> (Ram\u00f3n Ivachich 2 y Alejandro Carrera) &#8211; <strong>0<\/strong><br \/>\nCategor\u00eda 94: <strong>0 &#8211; 1<\/strong> (Leandro Vega)<\/p>\n<p><em><strong>Mercedes Vs. Estudiantes<\/strong><\/em><br \/>\nCategor\u00eda 99: <strong>2<\/strong> (Santiago Sosa y Franco Fredes) &#8211; <strong>1<\/strong> (Tom\u00e1s Maldonado)<br \/>\nCategor\u00eda 98: <strong>0 &#8211; 5<\/strong> (Diego Castro, Lucas Gallo 3 y Nahuel Maciel)<br \/>\nCategor\u00eda 97: <strong>0 &#8211; 0<\/strong><br \/>\nCategor\u00eda 96: <strong>3<\/strong> (Franco Gatti 2 y Lucas Quinteros) &#8211; <strong>0<\/strong><br \/>\nCategor\u00eda 95: <strong>5<\/strong> (Ignacio J\u00e1uregui 3, Rodrigo Montenegro y Germ\u00e1n Puliti) &#8211; <strong>0<\/strong><\/p>\n<p><em><strong>Juventud Vs. Uni\u00f3n<\/strong><\/em><br \/>\nCategor\u00eda 99: 0 &#8211; 0<br \/>\nCategor\u00eda 98: 2 &#8211; 0<br \/>\nCategor\u00eda 97: 2 &#8211; 0<\/p>\n","protected":false},"excerpt":{"rendered":"<p>MERCEDES \u00abA\u00bb EN LA 95 Y ESTUDIANTES EN 98 SE CONSAGRARON CAMPEONES. La 98 de Estudiantes gole\u00f3 en cancha de Mercedes y se qued\u00f3 con el t\u00edtulo (Foto gentileza Semanario Protagonistas) A pesar de tener fecha libre, la 95 de Mercedes \u00abA\u00bb se consagr\u00f3 campeona de su divisi\u00f3n (Foto gentileza Semanario Protagonistas) TODAS LAS POSICIONES Ateneo Vs. V\u00e9lez Categor\u00eda 99:<\/p>\n","protected":false},"author":1,"featured_media":0,"comment_status":"open","ping_status":"open","sticky":false,"template":"","format":"standard","meta":{"footnotes":""},"categories":[4],"tags":[],"class_list":["post-668","post","type-post","status-publish","format-standard","hentry","category-informaciongeneral"],"_links":{"self":[{"href":"https:\/\/ligamercedina.com\/web\/wp-json\/wp\/v2\/posts\/668","targetHints":{"allow":["GET"]}}],"collection":[{"href":"https:\/\/ligamercedina.com\/web\/wp-json\/wp\/v2\/posts"}],"about":[{"href":"https:\/\/ligamercedina.com\/web\/wp-json\/wp\/v2\/types\/post"}],"author":[{"embeddable":true,"href":"https:\/\/ligamercedina.com\/web\/wp-json\/wp\/v2\/users\/1"}],"replies":[{"embeddable":true,"href":"https:\/\/ligamercedina.com\/web\/wp-json\/wp\/v2\/comments?post=668"}],"version-history":[{"count":0,"href":"https:\/\/ligamercedina.com\/web\/wp-json\/wp\/v2\/posts\/668\/revisions"}],"wp:attachment":[{"href":"https:\/\/ligamercedina.com\/web\/wp-json\/wp\/v2\/media?parent=668"}],"wp:term":[{"taxonomy":"category","embeddable":true,"href":"https:\/\/ligamercedina.com\/web\/wp-json\/wp\/v2\/categories?post=668"},{"taxonomy":"post_tag","embeddable":true,"href":"https:\/\/ligamercedina.com\/web\/wp-json\/wp\/v2\/tags?post=668"}],"curies":[{"name":"wp","href":"https:\/\/api.w.org\/{rel}","templated":true}]}}