{"id":667,"date":"2008-10-13T11:26:22","date_gmt":"2008-10-13T14:26:22","guid":{"rendered":"https:\/\/ligamercedina.com\/?p=667"},"modified":"2008-10-13T11:26:22","modified_gmt":"2008-10-13T14:26:22","slug":"las-selecciones-van-el-martes","status":"publish","type":"post","link":"https:\/\/ligamercedina.com\/web\/las-selecciones-van-el-martes\/","title":{"rendered":"LAS SELECCIONES VAN EL MARTES"},"content":{"rendered":"<p><strong>A \u00faltima hora del domingo, la Federaci\u00f3n Norte decidi\u00f3 que los partidos de selecciones juveniles a jugarse en Mercedes se disputen el d\u00eda martes a partir de las 19:30 horas<\/strong><\/p>\n","protected":false},"excerpt":{"rendered":"<p>A \u00faltima hora del domingo, la Federaci\u00f3n Norte decidi\u00f3 que los partidos de selecciones juveniles a jugarse en Mercedes se disputen el d\u00eda martes a partir de las 19:30 horas<\/p>\n","protected":false},"author":1,"featured_media":0,"comment_status":"open","ping_status":"open","sticky":false,"template":"","format":"standard","meta":{"footnotes":""},"categories":[4],"tags":[],"class_list":["post-667","post","type-post","status-publish","format-standard","hentry","category-informaciongeneral"],"_links":{"self":[{"href":"https:\/\/ligamercedina.com\/web\/wp-json\/wp\/v2\/posts\/667","targetHints":{"allow":["GET"]}}],"collection":[{"href":"https:\/\/ligamercedina.com\/web\/wp-json\/wp\/v2\/posts"}],"about":[{"href":"https:\/\/ligamercedina.com\/web\/wp-json\/wp\/v2\/types\/post"}],"author":[{"embeddable":true,"href":"https:\/\/ligamercedina.com\/web\/wp-json\/wp\/v2\/users\/1"}],"replies":[{"embeddable":true,"href":"https:\/\/ligamercedina.com\/web\/wp-json\/wp\/v2\/comments?post=667"}],"version-history":[{"count":0,"href":"https:\/\/ligamercedina.com\/web\/wp-json\/wp\/v2\/posts\/667\/revisions"}],"wp:attachment":[{"href":"https:\/\/ligamercedina.com\/web\/wp-json\/wp\/v2\/media?parent=667"}],"wp:term":[{"taxonomy":"category","embeddable":true,"href":"https:\/\/ligamercedina.com\/web\/wp-json\/wp\/v2\/categories?post=667"},{"taxonomy":"post_tag","embeddable":true,"href":"https:\/\/ligamercedina.com\/web\/wp-json\/wp\/v2\/tags?post=667"}],"curies":[{"name":"wp","href":"https:\/\/api.w.org\/{rel}","templated":true}]}}