{"id":625,"date":"2008-09-06T10:49:08","date_gmt":"2008-09-06T13:49:08","guid":{"rendered":"https:\/\/ligamercedina.com\/?p=625"},"modified":"2008-09-06T10:49:08","modified_gmt":"2008-09-06T13:49:08","slug":"se-juega-una-nueva-fecha-del-futbol-infantil","status":"publish","type":"post","link":"https:\/\/ligamercedina.com\/web\/se-juega-una-nueva-fecha-del-futbol-infantil\/","title":{"rendered":"SE JUEGA UNA NUEVA FECHA DEL FUTBOL INFANTIL"},"content":{"rendered":"<p><strong>UNION  Vs. COMUNICACIONES<\/strong><br \/>\nCategor\u00eda 99: <strong>0 &#8211; 1<\/strong> (Herrera)<br \/>\nCategor\u00eda 98: <strong>0 &#8211; 1<\/strong> (Paniagua)<br \/>\nCategor\u00eda 97: <strong>3<\/strong> (Gim\u00e9nez, Motus y Ramallo) &#8211; <strong>0<\/strong><\/p>\n<p><strong>MERCEDES \u00abA\u00bb VS. ESTUDIANTES<\/strong><br \/>\nCategor\u00eda 99: <strong>1<\/strong> (Dufourquet) &#8211; <strong>0<\/strong><!--more--><br \/>\nCategor\u00eda 98: <strong>0 &#8211; 1<\/strong> (Gallo)<br \/>\nCategor\u00eda 97: <strong>2<\/strong> (Giorgione y Nascimbene) &#8211; <strong>1<\/strong> (Rossi)<br \/>\nCategor\u00eda 96: <strong>0 &#8211; 0<\/strong><br \/>\nCategor\u00eda 95: <strong>0 &#8211; 1<\/strong> (Avelar)<br \/>\nCategor\u00eda 94: <strong>1<\/strong> (Ballesteros) &#8211; <strong>3<\/strong> (D\u00e9sima, Ledesma y Mangino)<br \/>\nCategor\u00eda 93: <strong>1<\/strong> (Scasso) &#8211; <strong>2<\/strong> (Bacigalupo y G\u00f3mez)<br \/>\nCategor\u00eda 92-91: <strong>1<\/strong> (Subirain) &#8211; <strong>4<\/strong> (Brehinieri y Ram\u00edrez 3)<\/p>\n<p><strong>JUVENTUD VS. CLUB MERCEDES<\/strong><br \/>\nCategor\u00eda 99: <strong>1<\/strong> (Olivera) &#8211; <strong>3<\/strong> (Cabrera, Lucero y Virano)<br \/>\nCategor\u00eda 98: <strong>2<\/strong> (G\u00f3mez 2) &#8211; <strong>0<\/strong><br \/>\nCategor\u00eda 97:<strong>1<\/strong> (L\u00f3pez) &#8211; <strong>2<\/strong> (Roa 2)<br \/>\nCategor\u00eda 96: <strong>1<\/strong> (Fanuchi) &#8211; <strong>2<\/strong> (Coria y Gatti)<br \/>\nCategor\u00eda 95: <strong>3<\/strong> (Bondanza, Regojo y Sosa) &#8211; <strong>1<\/strong> (J\u00e1uregui)<br \/>\nCategor\u00eda 94: <strong>1<\/strong> (Bernal) &#8211; <strong>0<\/strong><br \/>\nCategor\u00eda 93: <strong>2<\/strong> (Hunt 2) &#8211; <strong>0<\/strong><br \/>\nCategor\u00eda 92-91: <strong>1<\/strong> (Correa) &#8211; <strong>2<\/strong> (Fiorelli y Pedrazza)<\/p>\n<p><strong>ATENEO VS. QUILMES<\/strong><br \/>\nCategor\u00eda 99: <strong>1<\/strong> (Puricelli) &#8211; <strong>1<\/strong> (Ponti)<br \/>\nCategor\u00eda 98: <strong>0 &#8211; 1<\/strong> (Cardozo)<br \/>\nCategor\u00eda 97: <strong>3<\/strong> (P\u00e9rez, Ravassa y Uncal) &#8211; <strong>1<\/strong> (Viola)<br \/>\nCategor\u00eda 96: <strong>1<\/strong> (De Rosa) &#8211; <strong>7<\/strong> (Coronel, Hern\u00e1ndez 2, Mollo y Streffessa 3)<br \/>\nCategor\u00eda 95: <strong>1<\/strong> (Pinto) &#8211; <strong>0<\/strong><br \/>\nCategor\u00eda 94: <strong>3<\/strong> (P\u00e9rez, Resqu\u00edn y Piccone) &#8211; <strong>0<\/strong><br \/>\nCategor\u00eda 93: <strong>0 &#8211; 0<\/strong><br \/>\nCategor\u00eda 92-91: <strong>1<\/strong> (Basualdo) &#8211; <strong>1<\/strong> (Ivachich)<\/p>\n","protected":false},"excerpt":{"rendered":"<p>UNION Vs. COMUNICACIONES Categor\u00eda 99: 0 &#8211; 1 (Herrera) Categor\u00eda 98: 0 &#8211; 1 (Paniagua) Categor\u00eda 97: 3 (Gim\u00e9nez, Motus y Ramallo) &#8211; 0 MERCEDES \u00abA\u00bb VS. ESTUDIANTES Categor\u00eda 99: 1 (Dufourquet) &#8211; 0<\/p>\n","protected":false},"author":1,"featured_media":0,"comment_status":"open","ping_status":"open","sticky":false,"template":"","format":"standard","meta":{"footnotes":""},"categories":[4],"tags":[],"class_list":["post-625","post","type-post","status-publish","format-standard","hentry","category-informaciongeneral"],"_links":{"self":[{"href":"https:\/\/ligamercedina.com\/web\/wp-json\/wp\/v2\/posts\/625","targetHints":{"allow":["GET"]}}],"collection":[{"href":"https:\/\/ligamercedina.com\/web\/wp-json\/wp\/v2\/posts"}],"about":[{"href":"https:\/\/ligamercedina.com\/web\/wp-json\/wp\/v2\/types\/post"}],"author":[{"embeddable":true,"href":"https:\/\/ligamercedina.com\/web\/wp-json\/wp\/v2\/users\/1"}],"replies":[{"embeddable":true,"href":"https:\/\/ligamercedina.com\/web\/wp-json\/wp\/v2\/comments?post=625"}],"version-history":[{"count":0,"href":"https:\/\/ligamercedina.com\/web\/wp-json\/wp\/v2\/posts\/625\/revisions"}],"wp:attachment":[{"href":"https:\/\/ligamercedina.com\/web\/wp-json\/wp\/v2\/media?parent=625"}],"wp:term":[{"taxonomy":"category","embeddable":true,"href":"https:\/\/ligamercedina.com\/web\/wp-json\/wp\/v2\/categories?post=625"},{"taxonomy":"post_tag","embeddable":true,"href":"https:\/\/ligamercedina.com\/web\/wp-json\/wp\/v2\/tags?post=625"}],"curies":[{"name":"wp","href":"https:\/\/api.w.org\/{rel}","templated":true}]}}