{"id":604,"date":"2008-08-25T17:45:05","date_gmt":"2008-08-25T20:45:05","guid":{"rendered":"https:\/\/ligamercedina.com\/?p=604"},"modified":"2008-08-25T17:45:05","modified_gmt":"2008-08-25T20:45:05","slug":"convocan-a-reunion-urgente-para-manana-martes","status":"publish","type":"post","link":"https:\/\/ligamercedina.com\/web\/convocan-a-reunion-urgente-para-manana-martes\/","title":{"rendered":"CONVOCAN A REUNION URGENTE PARA MA\u00d1ANA MARTES"},"content":{"rendered":"<blockquote><p><strong>La Comisi\u00f3n Directiva de la Liga Mercedina decide convocar para ma\u00f1ana martes a los delegados de las diferentes instituciones, a una reuni\u00f3n a celebrarse ma\u00f1ana martes a la hora 2o en la sede de la instituci\u00f3n.<br \/>\nLos puntos a tratar son varios, entre ellos la programaci\u00f3n de partidos para el pr\u00f3ximo fin de semana, teniendo en cuenta que el s\u00e1bado jugar\u00e1n las Selecciones Juveniles.<br \/>\nLa cita es para delegados de todas las categor\u00edas que participan en los cert\u00e1menes de la Liga<\/strong><\/p><\/blockquote>\n","protected":false},"excerpt":{"rendered":"<p>La Comisi\u00f3n Directiva de la Liga Mercedina decide convocar para ma\u00f1ana martes a los delegados de las diferentes instituciones, a una reuni\u00f3n a celebrarse ma\u00f1ana martes a la hora 2o en la sede de la instituci\u00f3n. Los puntos a tratar son varios, entre ellos la programaci\u00f3n de partidos para el pr\u00f3ximo fin de semana, teniendo en cuenta que el s\u00e1bado<\/p>\n","protected":false},"author":1,"featured_media":0,"comment_status":"open","ping_status":"open","sticky":false,"template":"","format":"standard","meta":{"footnotes":""},"categories":[4],"tags":[],"class_list":["post-604","post","type-post","status-publish","format-standard","hentry","category-informaciongeneral"],"_links":{"self":[{"href":"https:\/\/ligamercedina.com\/web\/wp-json\/wp\/v2\/posts\/604","targetHints":{"allow":["GET"]}}],"collection":[{"href":"https:\/\/ligamercedina.com\/web\/wp-json\/wp\/v2\/posts"}],"about":[{"href":"https:\/\/ligamercedina.com\/web\/wp-json\/wp\/v2\/types\/post"}],"author":[{"embeddable":true,"href":"https:\/\/ligamercedina.com\/web\/wp-json\/wp\/v2\/users\/1"}],"replies":[{"embeddable":true,"href":"https:\/\/ligamercedina.com\/web\/wp-json\/wp\/v2\/comments?post=604"}],"version-history":[{"count":0,"href":"https:\/\/ligamercedina.com\/web\/wp-json\/wp\/v2\/posts\/604\/revisions"}],"wp:attachment":[{"href":"https:\/\/ligamercedina.com\/web\/wp-json\/wp\/v2\/media?parent=604"}],"wp:term":[{"taxonomy":"category","embeddable":true,"href":"https:\/\/ligamercedina.com\/web\/wp-json\/wp\/v2\/categories?post=604"},{"taxonomy":"post_tag","embeddable":true,"href":"https:\/\/ligamercedina.com\/web\/wp-json\/wp\/v2\/tags?post=604"}],"curies":[{"name":"wp","href":"https:\/\/api.w.org\/{rel}","templated":true}]}}