{"id":599,"date":"2008-08-23T19:52:57","date_gmt":"2008-08-23T22:52:57","guid":{"rendered":"https:\/\/ligamercedina.com\/?p=599"},"modified":"2008-08-23T19:52:57","modified_gmt":"2008-08-23T22:52:57","slug":"resultados","status":"publish","type":"post","link":"https:\/\/ligamercedina.com\/web\/resultados\/","title":{"rendered":"RESULTADOS"},"content":{"rendered":"<p><strong>FUTBOL INFANTIL<\/strong><\/p>\n<p><em><strong>MERCEDES \u00abA\u00bb VS. QUILMES<\/strong><\/em><br \/>\nCategor\u00eda 99: <strong>2<\/strong> (Ignacio Vacarezza y Franco Valle) &#8211; <strong>2<\/strong> (Juli\u00e1n G\u00f3mez 2)<!--more--><br \/>\nCategor\u00eda 98: <strong>0 &#8211; 1<\/strong> (Tom\u00e1s Grassi)<br \/>\nCategor\u00eda 97: <strong>2<\/strong> (Tiago Portessi y Ariel Sarr\u00eda) &#8211; <strong>0<\/strong><br \/>\nCategor\u00eda 96: <strong>3<\/strong> (Iv\u00e1n Avalos, Facundo Hern\u00e1ndez y Santiago Schnaider) &#8211;  <strong>5<\/strong> (Lucas Mollo 5)<br \/>\nCategor\u00eda 95: <strong>1<\/strong> (Khalil Alvarez Sosa) &#8211; <strong>0<\/strong><br \/>\nCategor\u00eda 94: <strong>1<\/strong> (Pablo Brahim) &#8211; <strong>4<\/strong> (Andr\u00e9s Far\u00edas 3 y El\u00edas Ferreira)<br \/>\nCategor\u00eda 93: <strong>1<\/strong> (Jos\u00e9 Scasso) &#8211; <strong>1<\/strong> (Jes\u00fas Dubertti)<br \/>\nCategor\u00eda 92-91: <strong>2<\/strong> (Rodrigo Gatti y Oscar Iglesias) &#8211; <strong>4<\/strong> (Jorge Aranda 2, Agust\u00edn Cestari y Ram\u00f3n Ivachich)<\/p>\n<p><em><strong>JUVENTUD VS. ATENEO<\/strong><\/em><br \/>\nCategor\u00eda 99: <strong>o &#8211; 1<\/strong> (Jer\u00f3nimo Puricelli)<br \/>\nCategor\u00eda 98: <strong>5<\/strong> (Santiago Flynn, Juli\u00e1n G\u00f3mez, Mart\u00edn Hern\u00e1ndez, Nahuel Marchegiani y Alan Tust) &#8211; <strong>1<\/strong> (El\u00edas Mu\u00f1oz)<br \/>\nCategor\u00eda 97: <strong>1<\/strong> (Alejo P\u00e9rez Zunino) &#8211; <strong>0<\/strong><br \/>\nCategor\u00eda 96: <strong>2<\/strong> (Bautista Avila 2) &#8211; <strong>0<\/strong><br \/>\nCategor\u00eda 95: <strong>1<\/strong> (Alejo Messia) &#8211; <strong>3<\/strong> (Nicol\u00e1s Pinto 3)<br \/>\nCategor\u00eda 94: <strong>1<\/strong> (Tom\u00e1s Rossetti) &#8211; <strong>1<\/strong> (Facundo P\u00e9rez)<br \/>\nCategor\u00eda 93: <strong>3<\/strong> (Daniel Hunt, Juan Mullen y Gabriel Ottonelli) &#8211; <strong>0<\/strong><br \/>\nCategor\u00eda 92 &#8211; 91: <strong>1<\/strong> (Vicente Scarlassa) &#8211; <strong>2<\/strong> (Facundo Picasso y Francisco Basualdo)<\/p>\n<p><em><strong>VELEZ VS. ESTUDIANTES<\/strong><\/em><br \/>\nCategor\u00eda 99: <strong>0 &#8211; 2<\/strong> (Tom\u00e1s Maldonado y Enzo Pocaressi)<br \/>\nCategor\u00eda 98: <strong>2<\/strong> (Tom\u00e1s Bord\u00f3n 2) &#8211; <strong>2<\/strong> (Agust\u00edn Lapenta y Dami\u00e1n Mansilla)<br \/>\nCategor\u00eda 97: <strong>0 &#8211; 1<\/strong> (Agust\u00edn Uviz)<br \/>\nCategor\u00eda 96: <strong>4<\/strong> (Maximiliano Ferrando 2, Nicol\u00e1s Ram\u00edrez e Iv\u00e1n Quevedo) &#8211; <strong>0<\/strong><br \/>\nCategor\u00eda 95: <strong><\/strong><strong>2<\/strong> (Alan Moreno 2) &#8211; 2 (Ezequiel Avelar y Lucas Blanco)<br \/>\nCategor\u00eda 94: <strong>1<\/strong> (Lucas Coletta) &#8211; <strong>0<\/strong><br \/>\nCategor\u00eda 93: <strong>0 &#8211; 0<\/strong><br \/>\nCategor\u00eda 92: <strong>4<\/strong> (Lucas Atampi 2, Iv\u00e1n C\u00f3rdoba y Diego Dubertti) &#8211; <strong>0<\/strong><\/p>\n<p><em><strong>UNION VS. CLUB MERCEDES<\/strong><\/em><br \/>\nCategor\u00eda 99: <strong>0 &#8211; 1<\/strong> (Gast\u00f3n Lucero)<br \/>\nCategor\u00eda 98: <strong>1<\/strong> (Iv\u00e1n Mercado) &#8211; <strong>0<\/strong><br \/>\nCategor\u00eda 97: <strong>1<\/strong> (Manuel Gim\u00e9nez) &#8211; <strong>2<\/strong> (Franco Irusta y Agust\u00edn Frustoli)<\/p>\n<p><strong>PRIMERA DIVISION<\/strong><br \/>\nSAN JOSE <strong>(0)<\/strong> <strong>&#8211;<\/strong> PABELLON ARGENTINO <strong>(1)<\/strong><br \/>\nCOMUNICACIONES <strong>(1)<\/strong> <strong>&#8211;<\/strong> CRUZADOS FC <strong>(1)<\/strong><\/p>\n<p><strong>TERCERA DIVISION<\/strong><br \/>\nQUILMES <strong>(7)<\/strong> <strong>&#8211;<\/strong> PALOMETAS <strong>(2)<\/strong><br \/>\nCOMUNICACIONES <strong>(1)<\/strong> <strong>&#8211;<\/strong> SAN JOSE <strong>(0)<\/strong><br \/>\nESTUDIANTES <strong>(3)<\/strong> <strong>&#8211;<\/strong> CLUB MERCEDES <strong>(0)<\/strong><br \/>\nVELEZ <strong>(2)<\/strong> <strong>&#8211;<\/strong> CRUZADOS FC <strong>(0)<\/strong><\/p>\n","protected":false},"excerpt":{"rendered":"<p>FUTBOL INFANTIL MERCEDES \u00abA\u00bb VS. QUILMES Categor\u00eda 99: 2 (Ignacio Vacarezza y Franco Valle) &#8211; 2 (Juli\u00e1n G\u00f3mez 2)<\/p>\n","protected":false},"author":1,"featured_media":0,"comment_status":"open","ping_status":"open","sticky":false,"template":"","format":"standard","meta":{"footnotes":""},"categories":[4],"tags":[],"class_list":["post-599","post","type-post","status-publish","format-standard","hentry","category-informaciongeneral"],"_links":{"self":[{"href":"https:\/\/ligamercedina.com\/web\/wp-json\/wp\/v2\/posts\/599","targetHints":{"allow":["GET"]}}],"collection":[{"href":"https:\/\/ligamercedina.com\/web\/wp-json\/wp\/v2\/posts"}],"about":[{"href":"https:\/\/ligamercedina.com\/web\/wp-json\/wp\/v2\/types\/post"}],"author":[{"embeddable":true,"href":"https:\/\/ligamercedina.com\/web\/wp-json\/wp\/v2\/users\/1"}],"replies":[{"embeddable":true,"href":"https:\/\/ligamercedina.com\/web\/wp-json\/wp\/v2\/comments?post=599"}],"version-history":[{"count":0,"href":"https:\/\/ligamercedina.com\/web\/wp-json\/wp\/v2\/posts\/599\/revisions"}],"wp:attachment":[{"href":"https:\/\/ligamercedina.com\/web\/wp-json\/wp\/v2\/media?parent=599"}],"wp:term":[{"taxonomy":"category","embeddable":true,"href":"https:\/\/ligamercedina.com\/web\/wp-json\/wp\/v2\/categories?post=599"},{"taxonomy":"post_tag","embeddable":true,"href":"https:\/\/ligamercedina.com\/web\/wp-json\/wp\/v2\/tags?post=599"}],"curies":[{"name":"wp","href":"https:\/\/api.w.org\/{rel}","templated":true}]}}