{"id":591,"date":"2008-08-18T14:54:03","date_gmt":"2008-08-18T17:54:03","guid":{"rendered":"https:\/\/ligamercedina.com\/?p=591"},"modified":"2008-08-18T14:54:03","modified_gmt":"2008-08-18T17:54:03","slug":"partidos-del-lunes","status":"publish","type":"post","link":"https:\/\/ligamercedina.com\/web\/partidos-del-lunes\/","title":{"rendered":"PARTIDOS DEL LUNES"},"content":{"rendered":"<p><strong>PRIMERA DIVISION<\/strong><br \/>\nESTUDIANTES (1) &#8211; CRUZADOS FC (1)<br \/>\nVELEZ (1) &#8211; QUILMES (1)<br \/>\nCLUB MERCEDES (4) &#8211; SAN JOSE (1)<\/p>\n<p><strong>FUTBOL JUVENIL<\/strong><!--more--><\/p>\n<p><em><strong>Categor\u00eda 96 <\/strong><\/em><br \/>\nMercedes -2- (Franco Gatti 2)<br \/>\nV\u00e9lez -0-<\/p>\n<p>Ateneo -0-<br \/>\nMercedes \u00abA\u00bb -2-  (Guido Delfino y Santiago Schnaider)<\/p>\n<p>Estudiantes -2- (Leandro Lucero y Lucio Ojeda)<br \/>\nComunicaciones -0-<\/p>\n<p><em><strong>Categor\u00eda 95 <\/strong><\/em><br \/>\nMercedes -2- (Ignacio Jauregui y Germ\u00e1n Pulitti)<br \/>\nVelez -0-<\/p>\n<p>Estudiantes -7- (Ezequiel Avelar 2, Daniel Hoare 2 y Juan Lombardo 3)<br \/>\nComunicaciones -0-<\/p>\n<p>Ateneo -0-<br \/>\nMercedes \u00abA\u00bb -2- (Maxi Morales y Jonatan Reynoso)<\/p>\n<p><em><strong>Categor\u00eda 91-92 <\/strong><\/em><br \/>\nMercedes -1- (Agust\u00edn Malano)<br \/>\nV\u00e9lez -1- (Blas Cobucho)<\/p>\n<p>Ateneo -7- (Facuando Picasso 3, H\u00e9ctor Sotelo 2 y Diego Rojas y Bruno Becerra)<br \/>\nMercedes \u00abA\u00bb -1- (Juli\u00e1n Lussello)<\/p>\n<p>Estudiantes -3- (Mariano Brehinier y Lucas Ram\u00edrez 2)<br \/>\nComunicaciones -4- (Diego Gorosito 2, Jonatan L\u00f3pez y Nazareno Negro)<\/p>\n<p><em><strong>Categor\u00eda 94 <\/strong><\/em><br \/>\nMercedes -3- (Nicol\u00e1s Bertaina 3)<br \/>\nV\u00e9lez -2- (Lucas Coletta y Lautaro D\u00edaz)<\/p>\n<p>Ateneo -8- (Nicol\u00e1s Albano 2, Facuando P\u00e9rez 2, Gast\u00f3n Tust 3 y Lucas Picone)<br \/>\nMercedes \u00abA\u00bb -0-<\/p>\n<p>Estudiantes -1- (Alexander Benedetti)<br \/>\nComunicaciones -0-<\/p>\n<p><em><strong>Categor\u00eda 93 <\/strong><\/em><br \/>\nMercedes -2- (Mat\u00edas Meriles y Franco Ruiz)<br \/>\nV\u00e9lez -1- (Diego L\u00f3pez)<\/p>\n<p>Ateneo -1- (Dami\u00e1n Cont\u00edn)<br \/>\nMercedes \u00abA\u00bb -0-<\/p>\n<p>Estudiantes -4- (Emanuel G\u00f3mez, Nicol\u00e1s Ledesma, Franco Panessi y Braian Seluro)<br \/>\nComunicaciones -1- (Leandro Villa)<\/p>\n","protected":false},"excerpt":{"rendered":"<p>PRIMERA DIVISION ESTUDIANTES (1) &#8211; CRUZADOS FC (1) VELEZ (1) &#8211; QUILMES (1) CLUB MERCEDES (4) &#8211; SAN JOSE (1) FUTBOL JUVENIL<\/p>\n","protected":false},"author":1,"featured_media":0,"comment_status":"open","ping_status":"open","sticky":false,"template":"","format":"standard","meta":{"footnotes":""},"categories":[4],"tags":[],"class_list":["post-591","post","type-post","status-publish","format-standard","hentry","category-informaciongeneral"],"_links":{"self":[{"href":"https:\/\/ligamercedina.com\/web\/wp-json\/wp\/v2\/posts\/591","targetHints":{"allow":["GET"]}}],"collection":[{"href":"https:\/\/ligamercedina.com\/web\/wp-json\/wp\/v2\/posts"}],"about":[{"href":"https:\/\/ligamercedina.com\/web\/wp-json\/wp\/v2\/types\/post"}],"author":[{"embeddable":true,"href":"https:\/\/ligamercedina.com\/web\/wp-json\/wp\/v2\/users\/1"}],"replies":[{"embeddable":true,"href":"https:\/\/ligamercedina.com\/web\/wp-json\/wp\/v2\/comments?post=591"}],"version-history":[{"count":0,"href":"https:\/\/ligamercedina.com\/web\/wp-json\/wp\/v2\/posts\/591\/revisions"}],"wp:attachment":[{"href":"https:\/\/ligamercedina.com\/web\/wp-json\/wp\/v2\/media?parent=591"}],"wp:term":[{"taxonomy":"category","embeddable":true,"href":"https:\/\/ligamercedina.com\/web\/wp-json\/wp\/v2\/categories?post=591"},{"taxonomy":"post_tag","embeddable":true,"href":"https:\/\/ligamercedina.com\/web\/wp-json\/wp\/v2\/tags?post=591"}],"curies":[{"name":"wp","href":"https:\/\/api.w.org\/{rel}","templated":true}]}}