{"id":554,"date":"2008-07-26T09:16:18","date_gmt":"2008-07-26T12:16:18","guid":{"rendered":"https:\/\/ligamercedina.com\/?p=554"},"modified":"2008-07-26T09:16:18","modified_gmt":"2008-07-26T12:16:18","slug":"resultados-del-sabado-9","status":"publish","type":"post","link":"https:\/\/ligamercedina.com\/web\/resultados-del-sabado-9\/","title":{"rendered":"RESULTADOS DEL SABADO: CLUB MERCEDES CAMPEON EN CATEGORIAS 93 Y 95"},"content":{"rendered":"<p><em><strong>FUTBOL INFANTIL<\/strong><\/em><\/p>\n<p><strong>MERCEDES &#8211; COMUNICACIONES<\/strong><br \/>\nCategor\u00eda 99: <strong>2<\/strong> (Santiago Sosa 2) &#8211; <strong>0<\/strong><br \/>\nCategor\u00eda 98: <strong>0-0<\/strong><br \/>\nCategor\u00eda 97: <strong>2<\/strong> (Ramiro Roa) &#8211; <strong>0<\/strong><br \/>\nCategor\u00eda 96: <strong>1<\/strong> (Ricardo Coria) &#8211; <strong>1<\/strong> (Nicol\u00e1s Montenegro)<br \/>\nCategor\u00eda 95: <strong>6<\/strong> (Ignacio J\u00e1uregui, Rodrigo Montenegro y Esteban Rodr\u00edguez 4) &#8211; <strong>0<\/strong><br \/>\nCategor\u00eda 94: <strong>3<\/strong> (Nicol\u00e1s Bertaina, Federico Del Bianco y Santiago Lazarte) &#8211; <strong>0<\/strong><br \/>\nCategor\u00eda 93: <strong>8<\/strong> (Enzo Carmona, Mateo Gaynor 2, Mat\u00edas Meriles 4 y Franco Ruiz) &#8211; <strong>0<\/strong><br \/>\nCategor\u00eda 92-91: <strong>8<\/strong> (Manuel Antonelli, Marcos Camargo, Nicol\u00e1s Escobar 2, Solano Espil, Jos\u00e9 Gaynor, Agust\u00edn Malano y Ricardo Vargas) &#8211; <strong>0<\/strong><\/p>\n<p><strong>JUVENTUD &#8211; MERCEDES \u00abA\u00bb<\/strong><br \/>\nCategor\u00eda 99: <strong>1<\/strong> (Tom\u00e1s Burnes) &#8211; <strong>1<\/strong> (Franco Dofourquet)<br \/>\nCategor\u00eda 98: <strong>3<\/strong> (Santiago Flynn y Mart\u00edn Nicolini 2) &#8211; <strong>2<\/strong> (Nicol\u00e1s Gonz\u00e1lez y Santiago Rojas)<br \/>\nCategor\u00eda 97: <strong>0 &#8211; 2<\/strong> (Federico Blanco y Santiago Chiesino)<br \/>\nCategor\u00eda 96: <strong>1<\/strong> (Jonatan Ferehnbacher) &#8211; <strong>1<\/strong> (Nicol\u00e1s Contardi)<br \/>\nCategor\u00eda 95: <strong>0 &#8211; 0<\/strong><br \/>\nCategor\u00eda 94: <strong>4<\/strong> (Vicente Bernal, Augusto Rachi, Nahuel Ram\u00edrez y Alfonso Salaverri) &#8211; <strong>0<\/strong><br \/>\nCategor\u00eda 93: <strong>0 &#8211; 0<\/strong><br \/>\nCategor\u00eda 92:  <strong>5<\/strong> (Joaqu\u00edn Bidondo 3, Juan Festugato y Nicol\u00e1s Melo) &#8211; <strong>2<\/strong> (Juli\u00e1n Lusello 2)<\/p>\n<p><strong>QUILMES &#8211; VELEZ<\/strong><br \/>\nCategor\u00eda 99: <strong>1<\/strong> (Joaqu\u00edn Dabove) &#8211; <strong>1<\/strong> (Enzo Ch\u00e1vez)<br \/>\nCategor\u00eda 98: <strong>1<\/strong> (Marcos Kesseler) &#8211; <strong>5<\/strong> (Yoel Lescano 3 y Cristian Aguero 2)<br \/>\nCategor\u00eda 97: <strong>4<\/strong> (Franco Amaya 2, Jonathan Gauna y Enzo Miguel) &#8211; <strong>0<\/strong><br \/>\nCategor\u00eda 96: <strong>1<\/strong> (Federico Rivarola) &#8211; <strong>4<\/strong> (Rodrigo Colicigno, Franco Diez 2 y Nicol\u00e1s Ram\u00edrez)<br \/>\nCategor\u00eda 95: <strong>0 &#8211; 2<\/strong> (Mat\u00ecas Perdiguero y Mart\u00edn Rocha)<br \/>\nCategor\u00eda 94: <strong>0 &#8211; 3<\/strong> (Andr\u00e9s Climi\u00f1o, Brian Escudero y Adri\u00e1n Natale)<br \/>\nCategor\u00eda 93: <strong>0 &#8211; 1<\/strong> (Diego L\u00f3pez)<br \/>\nCategor\u00eda 92: <strong>0 &#8211; 2<\/strong> (Blas Cobucho y Diego Dubertti)<\/p>\n<p><strong>ATENEO &#8211; UNION<\/strong><br \/>\nCategor\u00eda 99: <strong>1<\/strong> (Francisco Delvento) &#8211; <strong>2<\/strong> (Jonathan Medina y Mat\u00edas Uviz)<br \/>\nCategor\u00eda 98: <strong>0-0<\/strong><br \/>\nCategor\u00eda 97: <strong>4<\/strong> (Lautaro Jaime 2, Enzo Medina y Nic\u00f3l\u00e1s P\u00e9rez) &#8211; <strong>1<\/strong> (Manuel Gim\u00e9nez)<\/p>\n<p><em><strong>PRIMERA DIVISION<\/strong><\/em><\/p>\n<p>SAN JOSE: <strong>-1-<\/strong><br \/>\nCRUZADOS: <strong>-4-<\/strong><\/p>\n<p>PABELLON: <strong>-1-<\/strong><br \/>\nQUILMES: <strong>-3-<\/strong><\/p>\n<p>VELEZ: <strong>-5-<\/strong><br \/>\nUNION: <strong>-1-<\/strong><\/p>\n","protected":false},"excerpt":{"rendered":"<p>FUTBOL INFANTIL MERCEDES &#8211; COMUNICACIONES Categor\u00eda 99: 2 (Santiago Sosa 2) &#8211; 0 Categor\u00eda 98: 0-0 Categor\u00eda 97: 2 (Ramiro Roa) &#8211; 0 Categor\u00eda 96: 1 (Ricardo Coria) &#8211; 1 (Nicol\u00e1s Montenegro) Categor\u00eda 95: 6 (Ignacio J\u00e1uregui, Rodrigo Montenegro y Esteban Rodr\u00edguez 4) &#8211; 0 Categor\u00eda 94: 3 (Nicol\u00e1s Bertaina, Federico Del Bianco y Santiago Lazarte) &#8211; 0 Categor\u00eda 93:<\/p>\n","protected":false},"author":1,"featured_media":0,"comment_status":"open","ping_status":"open","sticky":false,"template":"","format":"standard","meta":{"footnotes":""},"categories":[4],"tags":[],"class_list":["post-554","post","type-post","status-publish","format-standard","hentry","category-informaciongeneral"],"_links":{"self":[{"href":"https:\/\/ligamercedina.com\/web\/wp-json\/wp\/v2\/posts\/554","targetHints":{"allow":["GET"]}}],"collection":[{"href":"https:\/\/ligamercedina.com\/web\/wp-json\/wp\/v2\/posts"}],"about":[{"href":"https:\/\/ligamercedina.com\/web\/wp-json\/wp\/v2\/types\/post"}],"author":[{"embeddable":true,"href":"https:\/\/ligamercedina.com\/web\/wp-json\/wp\/v2\/users\/1"}],"replies":[{"embeddable":true,"href":"https:\/\/ligamercedina.com\/web\/wp-json\/wp\/v2\/comments?post=554"}],"version-history":[{"count":0,"href":"https:\/\/ligamercedina.com\/web\/wp-json\/wp\/v2\/posts\/554\/revisions"}],"wp:attachment":[{"href":"https:\/\/ligamercedina.com\/web\/wp-json\/wp\/v2\/media?parent=554"}],"wp:term":[{"taxonomy":"category","embeddable":true,"href":"https:\/\/ligamercedina.com\/web\/wp-json\/wp\/v2\/categories?post=554"},{"taxonomy":"post_tag","embeddable":true,"href":"https:\/\/ligamercedina.com\/web\/wp-json\/wp\/v2\/tags?post=554"}],"curies":[{"name":"wp","href":"https:\/\/api.w.org\/{rel}","templated":true}]}}