{"id":51315,"date":"2026-09-01T09:44:48","date_gmt":"2026-09-01T12:44:48","guid":{"rendered":"https:\/\/ligamercedina.com\/web\/?p=51315"},"modified":"2026-09-01T10:34:34","modified_gmt":"2026-09-01T13:34:34","slug":"horarios-para-el-fin-de-semana-230","status":"publish","type":"post","link":"https:\/\/ligamercedina.com\/web\/horarios-para-el-fin-de-semana-230\/","title":{"rendered":"HORARIOS PARA EL FIN DE SEMANA"},"content":{"rendered":"<h3 style=\"text-align: center;\"><span style=\"color: #ff0000;\"><strong>PRIMERA DIVISION<\/strong><\/span><\/h3>\n<p><em><strong>Jueves 3 de septiembre, cancha El Front\u00f3n<\/strong><\/em><br \/>\n21:15 hs. El Front\u00f3n Vs. Uni\u00f3n<\/p>\n<p><em><strong>S\u00e1bado 5 de septiembre, cancha Liga Mercedina<\/strong><\/em><br \/>\n17:00 hs. Jorge Newbery Vs. Los Carteros<br \/>\n19:00 hs. Mercedes Vs. Holanda<\/p>\n<p><em><strong>Domingo 6 de septiembre, cancha Liga Mercedina<\/strong><\/em><br \/>\n16:00 hs. Palometas Vs. Villa Manchi<\/p>\n<p><em><strong>Domingo 6 de septiembre, cancha Juventud<\/strong><\/em><br \/>\n16:00 hs. Juventud Vs. V\u00e9lez<\/p>\n<p><em><strong>Domingo 6 de septiembre, cancha Quilmes<\/strong><\/em><br \/>\n16:00 hs. Quilmes Vs. Trocha<\/p>\n<p><em><strong>Domingo 6 de septiembre, cancha Ateneo<\/strong><\/em><br \/>\n17:00 hs. Ateneo Vs. El Tim\u00f3n<\/p>\n<p><strong>POSTERGADOS<\/strong><br \/>\nPabell\u00f3n Argentino Vs. AMEFIP<br \/>\nDefensores Vs. Estudiantes<\/p>\n<p>&nbsp;<\/p>\n<h3 style=\"text-align: center;\"><span style=\"color: #ff0000;\"><strong>RESERVA<\/strong><\/span><\/h3>\n<p style=\"text-align: left;\"><em><strong>Jueves 3 de septiembre, cancha El Front\u00f3n<\/strong><\/em><br \/>\n19:30 hs. El Front\u00f3n Vs. Uni\u00f3n<\/p>\n<p><em><strong>S\u00e1bado 5 de septiembre, cancha Mercedes<\/strong><\/em><br \/>\nMercedes Vs. Holanda<\/p>\n<p><em><strong>S\u00e1bado 5 de septiembre, cancha Defensores<\/strong><\/em><br \/>\n17:00 hs. Defensores Vs. Estudiantes<\/p>\n<p><em><strong>S\u00e1bado 5 de septiembre, cancha Palometas<\/strong><\/em><br \/>\n17:30 hs. Palometas Vs. Villa Manchi<\/p>\n<p><em><strong>S\u00e1bado 5 de septiembre, cancha Carteros<\/strong><\/em><br \/>\n19:30 hs.Carteros Vs. Jorge Newbery (Cambio de local\u00eda)<\/p>\n<p><em><strong>Domingo 6 de septiembre, cancha Juventud<\/strong><\/em><br \/>\n14:00 hs. Juventud Vs. V\u00e9lez<\/p>\n<p><em><strong>Domingo 6 de septiembre, cancha Quilmes<\/strong><\/em><br \/>\n14:00 hs. Quilmes Vs. Trocha<\/p>\n<p><em><strong>Domingo 6 de septiembre, cancha Ateneo<\/strong><\/em><br \/>\n15:00 hs. Ateneo Vs. El Tim\u00f3n<\/p>\n<p>&nbsp;<\/p>\n<h3 style=\"text-align: center;\"><span style=\"color: #ff0000;\"><strong>PRIMERA FEMENINO<\/strong><\/span><\/h3>\n<p>&nbsp;<br \/>\n<strong>Cancha Trocha<\/strong><br \/>\nTrocha Vs. Cicl\u00f3n<\/p>\n<p><em><strong>Domingo 6 de septiembre, cancha Carteros<\/strong><\/em><br \/>\n18:00 hs. Deportivo Nicol\u00e1s Vs. Palometas<\/p>\n<p><strong>Cancha Mercedes<\/strong><br \/>\nMercedes Vs. Pabell\u00f3n Argentino<\/p>\n<p><strong>Postergado<\/strong><br \/>\nEl Tim\u00f3n Vs. El Front\u00f3n<\/p>\n<p>&nbsp;<\/p>\n<h3 style=\"text-align: center;\"><span style=\"color: #ff0000;\"><strong>INFERIORES FEMENINO SABADO<\/strong><\/span><\/h3>\n<p><strong>Cancha Villa Manchi <\/strong><br \/>\n11:00 hs. -SUB 11- Villa Manchi &#8211; Mercedes<\/p>\n<p>10:00 hs. -SUB 13- Villa Manchi &#8211; Mercedes<\/p>\n<p><strong>Cancha Trocha<\/strong><br \/>\n-SUB 11- Trocha &#8211; Dep- Nicol\u00e1s<\/p>\n<p>-SUB 13- Trocha &#8211; Dep. Nicol\u00e1s<br \/>\n-SUB 15- Trocha &#8211; Defensores<\/p>\n<p><strong>Cancha Cicl\u00f3n<\/strong><br \/>\n-SUB 11- Cicl\u00f3n -El Front\u00f3n<\/p>\n<p>-SUB 13- Cicl\u00f3n -El Front\u00f3n<br \/>\n-SUB 15- Cicl\u00f3n -El Front\u00f3n<br \/>\n-SUB 17- Cicl\u00f3n -El Front\u00f3n<\/p>\n<p><strong>Cancha Deportivo Gowland<\/strong><br \/>\n-SUB 11- Deportivo Gowland Vs. Defensores.<\/p>\n<p>-SUB 13- Deportivo Gowland Vs. Defensores.<\/p>\n<p><strong>Cancha Palometas<\/strong><br \/>\n10:00 hs. -SUB 13- Palometas Bord\u00f3 Vs. Palometas Blanco<\/p>\n<p><strong>Cancha Holanda<\/strong><br \/>\n-SUB 13- Holanda -Los Carteros<\/p>\n<p><strong>Cancha Mercedes<\/strong><br \/>\n-SUB 15- Mercedes Vs. Palometas<\/p>\n<p><strong>Cancha Estudiantes <\/strong><br \/>\n15:15 hs. -SUB 17- Estudiantes &#8211; Palometas<\/p>\n<h4 style=\"text-align: center;\"><span style=\"color: #ff0000;\"><strong>INFERIORES FEMENINO DOMINGO (SOLO PENDIENTE)<\/strong><\/span><\/h4>\n<p style=\"text-align: left;\">-SUB 13- Deportivo Nicol\u00e1s \u2013 Holanda<\/p>\n<h3 style=\"text-align: center;\"><span style=\"color: #ff0000;\"><strong>INFERIORES MASCULINO SABADO<\/strong><\/span><\/h3>\n<p><strong>SAPA Vs. Ateneo<\/strong><br \/>\n11:00 hs. Cat.2013<br \/>\n12:15 hs. Cat.5a<br \/>\n13.45 hs. Cat.2012<br \/>\n15:00 hs. Cat.2011<\/p>\n<p><strong>Villa Manchi Vs. El Tim\u00f3n<\/strong><br \/>\n11:00 hs. Cat.2013<br \/>\n12:15 hs. Cat.5a<br \/>\n13.45 hs. Cat.2012<br \/>\n15:00 hs. Cat.2011<\/p>\n<p><strong>Palometas Vs. Quilmes<\/strong><br \/>\n13:00 hs. El Recreo del F\u00fatbol<br \/>\n14:00 hs. Cat.2017<br \/>\n15:00 hs. Cat.2016<br \/>\n16:00 hs. Cat.2015<\/p>\n<p>11:00 hs. Cat.2014<br \/>\n12:15 hs. Cat.2013<br \/>\n13:30 hs. Cat.5a<br \/>\n14.45 hs. Cat.2012<br \/>\n16:00 hs. Cat.2011<\/p>\n<p><strong>Holanda Vs. Defensores<\/strong><br \/>\n12:00 hs. Cat.2017<br \/>\n13:00 hs. Cat.2016<br \/>\n14:00 hs. Cat.2015<\/p>\n<p><strong>Dep. Gowland Vs. Uni\u00f3n<\/strong><br \/>\n13:00 hs. Cat.2017<br \/>\n14:00 hs. Cat.2015<\/p>\n<p>11:30 hs. Cat.2013<\/p>\n<p><strong>Juventud Vs. La Tijera<\/strong><br \/>\n12:00 hs. Cat.2015<\/p>\n<p>13:00 hs. Cat.2013<br \/>\n14:15 hs. Cat.5a<br \/>\n15:45 hs. Cat.2011<\/p>\n<p><strong>Estudiantes Vs. V\u00e9lez<\/strong><br \/>\n13:00 hs. El Recreo del F\u00fatbol<br \/>\n14:00 hs. Cat.2017<br \/>\n15:00 hs. Cat.2016<br \/>\n16:00 hs. Cat.2015<\/p>\n<p>11:00 hs. Cat.2013<br \/>\n12:15 hs. Cat.5a<br \/>\n13.45 hs. Cat.2012<\/p>\n<p><strong>Trocha Vs. Mercedes<\/strong><br \/>\n13:00 hs. El Recreo del F\u00fatbol<br \/>\n14:00 hs. Cat.2017<br \/>\n15:00 hs. Cat.2016<br \/>\n16:00 hs. Cat.2015<\/p>\n<p>11:00 hs. Cat.2014<br \/>\n12:15 hs. Cat.2013<br \/>\n13:30 hs. Cat.5a<br \/>\n14.45 hs. Cat.2012<br \/>\n16:00 hs. Cat.2011<\/p>\n<p><strong>Carteros Vs. El Front\u00f3n<\/strong><br \/>\n13:00 hs. El Recreo del F\u00fatbol<br \/>\n14:00 hs. Cat.2017<br \/>\n15:00 hs. Cat.2016<br \/>\n16:00 hs. Cat.2015<\/p>\n<p>11:00 hs. Cat.2014<br \/>\n12:15 hs. Cat.2013<br \/>\n13:30 hs. Cat.5a<br \/>\n14.45 hs. Cat.2012<br \/>\n16:00 hs. Cat.2011<\/p>\n<p><strong>Jorge Newbery Vs. Talleres<\/strong><br \/>\n11:00 hs. Cat.2013<\/p>\n<p>&nbsp;<\/p>\n<p><strong>INFERIORES MASCULINO DOMINGO<\/strong><\/p>\n<p><strong>Ateneo Vs. Talleres<\/strong><br \/>\n13:00 hs. Cat.2017<br \/>\n14:00 hs. Cat.2016<br \/>\n15:00 hs. Cat.2015<\/p>\n<p>11:00 hs. Cat.2014<br \/>\n12:15 hs. Cat.2013<\/p>\n<p><strong>El Front\u00f3n Vs. Jorge Newbery<\/strong><br \/>\n11:00 hs. Cat.2013<br \/>\n12:15 hs. Cat.5a<br \/>\n13.45 hs. Cat.2012<br \/>\n15:00 hs. Cat.2011<\/p>\n<p><strong>Mercedes Vs. Carteros<\/strong><br \/>\n12:00 hs. El Recreo del F\u00fatbol<br \/>\n13:00 hs. Cat.2017<br \/>\n14:00 hs. Cat.2016<br \/>\n15:00 hs. Cat.2015<\/p>\n<p>10:45 hs. Cat.2014<br \/>\n12:00 hs. Cat.2013<br \/>\n13:15 hs. Cat.5a<br \/>\n14.30 hs. Cat.2012<br \/>\n15:45 hs. Cat.2011<\/p>\n<p><strong>V\u00e9lez Vs. Trocha<\/strong><br \/>\n13:00 hs. El Recreo del F\u00fatbol<br \/>\n14:00 hs. Cat.2017<br \/>\n15:00 hs. Cat.2016<br \/>\n16:00 hs. Cat.2015<\/p>\n<p>11:00 hs. Cat.2013<br \/>\n12:15 hs. Cat.5a<br \/>\n13.45 hs. Cat.2012<\/p>\n<p><strong>Uni\u00f3n Vs. Juventud<\/strong><br \/>\n13:00 hs. El Recreo del F\u00fatbol<br \/>\n14:00 hs. Cat.2017<br \/>\n15:00 hs. Cat.2016<br \/>\n16:00 hs. Cat.2015<\/p>\n<p>11:00 hs. Cat.2014<br \/>\n12:15 hs. Cat.2013<br \/>\n13:30 hs. Cat.5a<br \/>\n14.45 hs. Cat.2012<br \/>\n16:00 hs. Cat.2011<\/p>\n<p><strong>Defensores Vs. Dep. Gowland<\/strong><br \/>\n13:00 hs. Cat.2017<br \/>\n14:00 hs. Cat.2015<\/p>\n<p>11:00 hs. Cat.2013<\/p>\n<p><strong>Quilmes Vs. Holanda<\/strong><br \/>\n13:00 hs. Cat.2017<br \/>\n14:00 hs. Cat.2016<br \/>\n15:00 hs. Cat.2015<\/p>\n<p><strong>El Tim\u00f3n Vs. Palometas<\/strong><br \/>\n11:00 hs. Cat.2011<br \/>\n12:15 hs. Cat.5a<br \/>\n13.45 hs. Cat.2013<br \/>\n15:00 hs. Cat.2012<\/p>\n<p><em><strong>Los encuentros entre Pabell\u00f3n Argentino &#8211; Villa Manchi y La Tijera &#8211; Estudiantes se jugar\u00e1n el domingo 13 de septiembre<\/strong><\/em><\/p>\n","protected":false},"excerpt":{"rendered":"<p>PRIMERA DIVISION Jueves 3 de septiembre, cancha El Front\u00f3n 21:15 hs. El Front\u00f3n Vs. Uni\u00f3n S\u00e1bado 5 de septiembre, cancha Liga Mercedina 17:00 hs. Jorge Newbery Vs. Los Carteros 19:00 hs. Mercedes Vs. Holanda Domingo 6 de septiembre, cancha Liga Mercedina 16:00 hs. Palometas Vs. Villa Manchi Domingo 6 de septiembre, cancha Juventud 16:00 hs. Juventud Vs. V\u00e9lez Domingo 6<\/p>\n","protected":false},"author":2,"featured_media":0,"comment_status":"open","ping_status":"open","sticky":false,"template":"","format":"standard","meta":{"footnotes":""},"categories":[4],"tags":[],"class_list":["post-51315","post","type-post","status-publish","format-standard","hentry","category-informaciongeneral"],"_links":{"self":[{"href":"https:\/\/ligamercedina.com\/web\/wp-json\/wp\/v2\/posts\/51315","targetHints":{"allow":["GET"]}}],"collection":[{"href":"https:\/\/ligamercedina.com\/web\/wp-json\/wp\/v2\/posts"}],"about":[{"href":"https:\/\/ligamercedina.com\/web\/wp-json\/wp\/v2\/types\/post"}],"author":[{"embeddable":true,"href":"https:\/\/ligamercedina.com\/web\/wp-json\/wp\/v2\/users\/2"}],"replies":[{"embeddable":true,"href":"https:\/\/ligamercedina.com\/web\/wp-json\/wp\/v2\/comments?post=51315"}],"version-history":[{"count":13,"href":"https:\/\/ligamercedina.com\/web\/wp-json\/wp\/v2\/posts\/51315\/revisions"}],"predecessor-version":[{"id":51328,"href":"https:\/\/ligamercedina.com\/web\/wp-json\/wp\/v2\/posts\/51315\/revisions\/51328"}],"wp:attachment":[{"href":"https:\/\/ligamercedina.com\/web\/wp-json\/wp\/v2\/media?parent=51315"}],"wp:term":[{"taxonomy":"category","embeddable":true,"href":"https:\/\/ligamercedina.com\/web\/wp-json\/wp\/v2\/categories?post=51315"},{"taxonomy":"post_tag","embeddable":true,"href":"https:\/\/ligamercedina.com\/web\/wp-json\/wp\/v2\/tags?post=51315"}],"curies":[{"name":"wp","href":"https:\/\/api.w.org\/{rel}","templated":true}]}}