{"id":51301,"date":"2026-08-30T23:31:20","date_gmt":"2026-08-31T02:31:20","guid":{"rendered":"https:\/\/ligamercedina.com\/web\/?p=51301"},"modified":"2026-08-30T23:31:20","modified_gmt":"2026-08-31T02:31:20","slug":"infanto-juvenil-resultados-fecha-6-9","status":"publish","type":"post","link":"https:\/\/ligamercedina.com\/web\/infanto-juvenil-resultados-fecha-6-9\/","title":{"rendered":"INFANTO &#8211; JUVENIL: RESULTADOS FECHA 6"},"content":{"rendered":"<p><strong>Categor\u00eda 2016<\/strong><br \/>\nEl Front\u00f3n 4 \u2013 Trocha 0<br \/>\nDefensores 0 \u2013 Palometas 3<br \/>\nQuilmes 0 \u2013 Villa Manchi 1<br \/>\nMercedes 1  \u2013 Estudiantes 3<br \/>\nTalleres 0 \u2013 Carteros 6<br \/>\nV\u00e9lez 0 \u2013 Juventud 6<br \/>\nHolanda 2  \u2013 Uni\u00f3n 3<\/p>\n<p><strong>Categor\u00eda 2015<\/strong><br \/>\nEl Front\u00f3n 1 \u2013 Trocha 1<br \/>\nDefensores 1 \u2013 Palometas 2<br \/>\nQuilmes 0 \u2013 Villa Manchi 2<br \/>\nMercedes 1  \u2013 Estudiantes 1<br \/>\nTalleres 0 \u2013 Carteros 6<br \/>\nV\u00e9lez 0 \u2013 Juventud 1<br \/>\nLa Tijera 0 \u2013 Dep. Gowland 5<br \/>\nHolanda 0 \u2013 Uni\u00f3n 6<\/p>\n<p><strong>Categor\u00eda 2014<\/strong><br \/>\nEl Front\u00f3n 6  \u2013 Trocha 0<br \/>\nDefensores 0 \u2013 Palometas 2<br \/>\nQuilmes 0 \u2013 Villa Manchi 1<br \/>\nMercedes 1 \u2013 Estudiantes 0<br \/>\nTalleres 0 \u2013 Carteros 5 <\/p>\n<p><strong>Categor\u00eda 2013<\/strong><br \/>\nEl Front\u00f3n 2 \u2013 Trocha 1<br \/>\nDefensores 0 \u2013 Palometas 5<br \/>\nQuilmes 0 \u2013 Villa Manchi 3<br \/>\nMercedes 0 \u2013 Estudiantes 1<\/p>\n<p>Talleres 1  \u2013 Carteros 1<br \/>\nAteneo 3  \u2013 Jorge Newbery 1<br \/>\nEl Tim\u00f3n 0 \u2013 SAPA 1<br \/>\nV\u00e9lez 0 \u2013 Juventud 1<br \/>\nLa Tijera 0 \u2013 Dep. Gowland 6<\/p>\n<p><strong>Categor\u00eda 2012<\/strong><br \/>\nEl Front\u00f3n 6 \u2013 Trocha 0<br \/>\nDefensores 0 \u2013 Palometas 0<br \/>\nQuilmes 4  \u2013 Villa Manchi 1<br \/>\nMercedes 3 \u2013 Estudiantes 1<br \/>\nAteneo 1  \u2013 SAPA 4<br \/>\nEl Tim\u00f3n 1 \u2013 SAPA 4<br \/>\nV\u00e9lez 0 \u2013 Juventud 2<\/p>\n<p><strong>Categor\u00eda 2011<\/strong><br \/>\nEl Front\u00f3n 4 \u2013 Trocha 0<br \/>\nDefensores 1 \u2013 Palometas 3<br \/>\nQuilmes 0 \u2013 Villa Manchi 0<br \/>\nMercedes 1 \u2013 Estudiantes 0<br \/>\nAteneo 2 \u2013 Jorge Newbery 0<br \/>\nEl Tim\u00f3n 0 \u2013 SAPA 2<\/p>\n<p><strong>Categor\u00eda 5a<\/strong><br \/>\nEl Front\u00f3n 5 \u2013Trocha 1<br \/>\nDefensores 2 \u2013 Palometas 1<br \/>\nQuilmes 0 \u2013 Villa Manchi 0<br \/>\nMercedes 1 \u2013 Estudiantes 0<br \/>\nAteneo 5  \u2013 Jorge Newbery 0<br \/>\nEl Tim\u00f3n 2  \u2013 SAPA 2<br \/>\nV\u00e9lez 1 \u2013 Juventud 4 <\/p>\n","protected":false},"excerpt":{"rendered":"<p>Categor\u00eda 2016 El Front\u00f3n 4 \u2013 Trocha 0 Defensores 0 \u2013 Palometas 3 Quilmes 0 \u2013 Villa Manchi 1 Mercedes 1 \u2013 Estudiantes 3 Talleres 0 \u2013 Carteros 6 V\u00e9lez 0 \u2013 Juventud 6 Holanda 2 \u2013 Uni\u00f3n 3 Categor\u00eda 2015 El Front\u00f3n 1 \u2013 Trocha 1 Defensores 1 \u2013 Palometas 2 Quilmes 0 \u2013 Villa Manchi 2 Mercedes 1<\/p>\n","protected":false},"author":2,"featured_media":0,"comment_status":"open","ping_status":"open","sticky":false,"template":"","format":"standard","meta":{"footnotes":""},"categories":[4],"tags":[],"class_list":["post-51301","post","type-post","status-publish","format-standard","hentry","category-informaciongeneral"],"_links":{"self":[{"href":"https:\/\/ligamercedina.com\/web\/wp-json\/wp\/v2\/posts\/51301","targetHints":{"allow":["GET"]}}],"collection":[{"href":"https:\/\/ligamercedina.com\/web\/wp-json\/wp\/v2\/posts"}],"about":[{"href":"https:\/\/ligamercedina.com\/web\/wp-json\/wp\/v2\/types\/post"}],"author":[{"embeddable":true,"href":"https:\/\/ligamercedina.com\/web\/wp-json\/wp\/v2\/users\/2"}],"replies":[{"embeddable":true,"href":"https:\/\/ligamercedina.com\/web\/wp-json\/wp\/v2\/comments?post=51301"}],"version-history":[{"count":1,"href":"https:\/\/ligamercedina.com\/web\/wp-json\/wp\/v2\/posts\/51301\/revisions"}],"predecessor-version":[{"id":51302,"href":"https:\/\/ligamercedina.com\/web\/wp-json\/wp\/v2\/posts\/51301\/revisions\/51302"}],"wp:attachment":[{"href":"https:\/\/ligamercedina.com\/web\/wp-json\/wp\/v2\/media?parent=51301"}],"wp:term":[{"taxonomy":"category","embeddable":true,"href":"https:\/\/ligamercedina.com\/web\/wp-json\/wp\/v2\/categories?post=51301"},{"taxonomy":"post_tag","embeddable":true,"href":"https:\/\/ligamercedina.com\/web\/wp-json\/wp\/v2\/tags?post=51301"}],"curies":[{"name":"wp","href":"https:\/\/api.w.org\/{rel}","templated":true}]}}