{"id":50988,"date":"2026-07-17T11:41:09","date_gmt":"2026-07-17T14:41:09","guid":{"rendered":"https:\/\/ligamercedina.com\/web\/?p=50988"},"modified":"2026-07-18T19:31:07","modified_gmt":"2026-07-18T22:31:07","slug":"horarios-para-el-fin-de-semana-227","status":"publish","type":"post","link":"https:\/\/ligamercedina.com\/web\/horarios-para-el-fin-de-semana-227\/","title":{"rendered":"HORARIOS PARA EL FIN DE SEMANA"},"content":{"rendered":"<h4 style=\"text-align: center;\"><span style=\"color: #ff0000;\"><strong>PRIMERA DIVISION <\/strong><\/span><\/h4>\n<p><em><strong>S\u00e1bado 18 de julio, cancha V\u00e9lez<\/strong><\/em><br \/>\n15:30 hs. Trocha Vs. Uni\u00f3n <span style=\"color: #ff0000;\"><strong>-SUSPENDIDO-<\/strong><\/span><!--more--><\/p>\n<p><em><strong>S\u00e1bado 18 de julio, cancha El Front\u00f3n<\/strong><\/em><br \/>\n16:30 hs. El Front\u00f3n Vs. Los Carteros <span style=\"color: #ff0000;\"><strong>-SUSPENDIDO-<\/strong><\/span><\/p>\n<p><em><strong>S\u00e1bado 18 de julio, cancha Pabell\u00f3n Argentino<\/strong><\/em><br \/>\n15:30 hs. Pabell\u00f3n Argentino Vs. Quilmes\u00a0 <span style=\"color: #ff0000;\"><strong>-SUSPENDIDO-<\/strong><\/span><\/p>\n<h4 style=\"text-align: center;\"><span style=\"color: #ff0000;\"><strong>FEMENINO PRIMERA<\/strong><\/span><\/h4>\n<p><em><strong>S\u00e1bado 18 de julio, cancha Pabell\u00f3n Argentino<\/strong><\/em><br \/>\n13:30 hs. Pabell\u00f3n Argentino Vs. Deportivo Nicol\u00e1s <span style=\"color: #ff0000;\"><strong>-SUSPENDIDO-<\/strong><\/span><\/p>\n<h4><\/h4>\n<h4><\/h4>\n<h4 style=\"text-align: center;\"><span style=\"color: #ff0000;\"><strong>FEMENINO INFERIORES<\/strong><\/span><\/h4>\n<p><span style=\"color: #ff9900;\"><strong>SABADO 18 DE JULIO<\/strong><\/span><\/p>\n<p><strong>Cancha Trocha<\/strong><br \/>\n11:00 hs. -SUB 11- Trocha Vs. Mercedes <span style=\"color: #ff0000;\"><strong>-SUSPENDIDO-<\/strong><\/span><\/p>\n<p>15:00 hs. -SUB 15- Trocha Vs. Mercedes <span style=\"color: #ff0000;\"><strong>-SUSPENDIDO-<\/strong><\/span><br \/>\n16:15 hs. -SUB 13- Trocha Vs. Mercedes <span style=\"color: #ff0000;\"><strong>-SUSPENDIDO-<\/strong><\/span><\/p>\n<p><strong>Cancha El Cicl\u00f3n<\/strong><br \/>\n12:00 hs.-SUB 11- El Cicl\u00f3n Vs. Villa Manchi <span style=\"color: #ff0000;\"><strong>-SUSPENDIDO-<\/strong><\/span><\/p>\n<p>13:00 hs.-SUB 13- El Cicl\u00f3n Vs. Villa Manchi <span style=\"color: #ff0000;\"><strong>-SUSPENDIDO-<\/strong><\/span><br \/>\n14:00 hs. -SUB 17- El Cicl\u00f3n Vs. Villa Manchi <span style=\"color: #ff0000;\"><strong>-SUSPENDIDO-<\/strong><\/span><\/p>\n<p><strong>Cancha Dep. Gowland<\/strong><br \/>\n10:50 hs. -SUB 11- Dep. Gowland Vs. Palometas <span style=\"color: #ff0000;\"><strong>-SUSPENDIDO-<\/strong><\/span><\/p>\n<p>13:15 hs. -SUB 13- Dep. Gowland Vs. Palometas Blanco <span style=\"color: #ff0000;\"><strong>-SUSPENDIDO-<\/strong><\/span><br \/>\n14:30 hs. -SUB 17- Dep. Gowland Vs. Palometas Blanco <span style=\"color: #ff0000;\"><strong>-SUSPENDIDO-<\/strong><\/span><\/p>\n<p><strong>Cancha Defensores<\/strong><br \/>\n12:00 hs.-SUB 11- Defensores Vs. Carteros <strong><span style=\"color: #ff0000;\">-SUSPENDIDO-<\/span><\/strong><\/p>\n<p>11:00 hs.-SUB 13- Defensores Vs. Carteros <span style=\"color: #ff0000;\"><strong>-SUSPENDIDO-<\/strong><\/span><br \/>\n18:15 hs.-SUB 15- Defensores Vs. El Front\u00f3n <strong><span style=\"color: #ff0000;\">-SUSPENDIDO-<\/span><\/strong><\/p>\n<p><strong>Cancha Holanda<\/strong><br \/>\n11:00 hs. -SUB 13- Holanda Vs. El Front\u00f3n <span style=\"color: #ff0000;\"><strong>-SUSPENDIDO-<\/strong><\/span><\/p>\n<p><strong>Cancha Estudiantes<\/strong><br \/>\n13:45 hs. -SUB 13- Palometas Bord\u00f3 Vs. Dep. Nicol\u00e1s <span style=\"color: #ff0000;\"><strong>-SUSPENDIDO-<\/strong><\/span><br \/>\n15:00 hs. -SUB 17- Estudiantes Vs. Dep. Nicol\u00e1s <span style=\"color: #ff0000;\"><strong>-SUSPENDIDO-<\/strong><\/span><\/p>\n<h4 style=\"text-align: center;\"><span style=\"color: #ff0000;\"><strong>INFERIORES SABADO 18 DE JULIO<\/strong><\/span><\/h4>\n<p><strong>Ateneo &#8211; Trocha<\/strong><br \/>\n13:00 hs. El Recreo del F\u00fatbol- <span style=\"color: #ff0000;\"><strong>-SUSPENDIDO-<\/strong><\/span><br \/>\n14:00 hs. Cat.2017 <span style=\"color: #ff0000;\"><strong>-SUSPENDIDO-<\/strong><\/span><br \/>\n15:00 hs. Cat.2016 <span style=\"color: #ff0000;\"><strong>-SUSPENDIDO-<\/strong><\/span><br \/>\n16:00 hs. Cat.2015 <span style=\"color: #ff0000;\"><strong>-SUSPENDIDO-<\/strong><\/span><\/p>\n<p>11:00 hs. Cat.2014 <span style=\"color: #ff0000;\"><strong>-SUSPENDIDO-<\/strong><\/span><br \/>\n12:15 hs. Cat.2013 <span style=\"color: #ff0000;\"><strong>-SUSPENDIDO-<\/strong><\/span><br \/>\n13:30 hs. Cat.5a <span style=\"color: #ff0000;\"><strong>-SUSPENDIDO-<\/strong><\/span><br \/>\n14.45 hs. Cat.2012 <span style=\"color: #ff0000;\"><strong>-SUSPENDIDO-<\/strong><\/span><br \/>\n16:00 hs. Cat.2011<span style=\"color: #ff0000;\"><strong>-SUSPENDIDO-<\/strong><\/span><\/p>\n<p><strong>Carteros &#8211; Estudiantes<\/strong><br \/>\n13:00 hs. El Recreo del F\u00fatbol- <span style=\"color: #ff0000;\"><strong>-SUSPENDIDO-<\/strong><\/span><br \/>\n14:00 hs. Cat.2017 <span style=\"color: #ff0000;\"><strong>-SUSPENDIDO-<\/strong><\/span><br \/>\n15:00 hs. Cat.2016 <span style=\"color: #ff0000;\"><strong>-SUSPENDIDO-<\/strong><\/span><br \/>\n16:00 hs. Cat.2015 <span style=\"color: #ff0000;\"><strong>-SUSPENDIDO-<\/strong><\/span><\/p>\n<p>11:00 hs. Cat.2014 <span style=\"color: #ff0000;\"><strong>-SUSPENDIDO-<\/strong><\/span><br \/>\n12:15 hs. Cat.2013 <span style=\"color: #ff0000;\"><strong>-SUSPENDIDO-<\/strong><\/span><br \/>\n13:30 hs. Cat.5a <span style=\"color: #ff0000;\"><strong>-SUSPENDIDO-<\/strong><\/span><br \/>\n14.45 hs. Cat.2012 <span style=\"color: #ff0000;\"><strong>-SUSPENDIDO-<\/strong><\/span><br \/>\n16:00 hs. Cat.2011 <span style=\"color: #ff0000;\"><strong>-SUSPENDIDO-<\/strong><\/span><\/p>\n<p><strong>Jorge Newbery &#8211; Juventud<\/strong><br \/>\n11:00 hs. Cat.2013 <span style=\"color: #ff0000;\"><strong>-SUSPENDIDO-<\/strong><\/span><br \/>\n12:15 hs. Cat.5a <span style=\"color: #ff0000;\"><strong>-SUSPENDIDO-<\/strong><\/span><br \/>\n13.45 hs. Cat.2012 <span style=\"color: #ff0000;\"><strong>-SUSPENDIDO-<\/strong><\/span><br \/>\n15:00 hs. Cat.2011 <span style=\"color: #ff0000;\"><strong>-SUSPENDIDO-<\/strong><\/span><\/p>\n<p><strong>Talleres &#8211; Dep. Gowland<\/strong><br \/>\n00:00 hs. Cat.2017 <span style=\"color: #ff0000;\"><strong>-SUSPENDIDO-<\/strong><\/span><br \/>\n00:00 hs. Cat.2015 <span style=\"color: #ff0000;\"><strong>-SUSPENDIDO-<\/strong><\/span><\/p>\n<p>00:00 hs. Cat.2014 <span style=\"color: #ff0000;\"><strong>-SUSPENDIDO-<\/strong><\/span><\/p>\n<p><strong>El Front\u00f3n &#8211; Holanda<\/strong><br \/>\n12:00 hs. Cat.2017 <span style=\"color: #ff0000;\"><strong>-SUSPENDIDO-<\/strong><\/span><br \/>\n13:00 hs. Cat.2016 <span style=\"color: #ff0000;\"><strong>-SUSPENDIDO-<\/strong><\/span><br \/>\n14:00 hs. Cat.2015 <span style=\"color: #ff0000;\"><strong>-SUSPENDIDO-<\/strong><\/span><\/p>\n<p><strong>Mercedes &#8211; Palometas<\/strong><br \/>\n13:00 hs. El Recreo del F\u00fatbol- <span style=\"color: #ff0000;\"><strong>-SUSPENDIDO-<\/strong><\/span><br \/>\n14:00 hs. Cat.2017 <span style=\"color: #ff0000;\"><strong>-SUSPENDIDO-<\/strong><\/span><br \/>\n15:00 hs. Cat.2016 <span style=\"color: #ff0000;\"><strong>-SUSPENDIDO-<\/strong><\/span><br \/>\n16:00 hs. Cat.2015 <span style=\"color: #ff0000;\"><strong>-SUSPENDIDO-<\/strong><\/span><\/p>\n<p>11:00 hs. Cat.2014 <span style=\"color: #ff0000;\"><strong>-SUSPENDIDO-<\/strong><\/span><br \/>\n12:15 hs. Cat.2013 <span style=\"color: #ff0000;\"><strong>-SUSPENDIDO-<\/strong><\/span><br \/>\n13:30 hs. Cat.5a <span style=\"color: #ff0000;\"><strong>-SUSPENDIDO-<\/strong><\/span><br \/>\n14.45 hs. Cat.2012 <span style=\"color: #ff0000;\"><strong>-SUSPENDIDO-<\/strong><\/span><br \/>\n16:00 hs. Cat.2011 <span style=\"color: #ff0000;\"><strong>-SUSPENDIDO-<\/strong><\/span><\/p>\n<p><strong>V\u00e9lez &#8211; Villa Manchi<\/strong><br \/>\n13:00 hs. El Recreo del F\u00fatbol- <span style=\"color: #ff0000;\"><strong>-SUSPENDIDO-<\/strong><\/span><br \/>\n14:00 hs. Cat.2017 <span style=\"color: #ff0000;\"><strong>-SUSPENDIDO-<\/strong><\/span><br \/>\n15:00 hs. Cat.2016 <span style=\"color: #ff0000;\"><strong>-SUSPENDIDO-<\/strong><\/span><br \/>\n16:00 hs. Cat.2015 <span style=\"color: #ff0000;\"><strong>-SUSPENDIDO-<\/strong><\/span><\/p>\n<p>11:00 hs. Cat.2013 <span style=\"color: #ff0000;\"><strong>-SUSPENDIDO-<\/strong><\/span><br \/>\n12:15 hs. Cat.5a <span style=\"color: #ff0000;\"><strong>-SUSPENDIDO-<\/strong><\/span><br \/>\n13.45 hs. Cat.2012 <span style=\"color: #ff0000;\"><strong>-SUSPENDIDO-<\/strong><\/span><\/p>\n<p><strong>Uni\u00f3n &#8211; El Tim\u00f3n<\/strong><br \/>\n11:00 hs. Cat.2013 <span style=\"color: #ff0000;\"><strong>-SUSPENDIDO-<\/strong><\/span><br \/>\n12:15 hs. Cat.5a <span style=\"color: #ff0000;\"><strong>-SUSPENDIDO-<\/strong><\/span><br \/>\n13.45 hs. Cat.2012 <span style=\"color: #ff0000;\"><strong>-SUSPENDIDO-<\/strong><\/span><br \/>\n15:00 hs. Cat.2011 <span style=\"color: #ff0000;\"><strong>-SUSPENDIDO-<\/strong><\/span><\/p>\n<p><strong>Defensores &#8211; Quilmes<\/strong><br \/>\n13:00 hs. El Recreo del F\u00fatbol- <strong><span style=\"color: #ff0000;\">-SUSPENDIDO-<\/span><\/strong><br \/>\n14:00 hs. Cat.2017 <strong><span style=\"color: #ff0000;\">-SUSPENDIDO-<\/span><\/strong><br \/>\n15:00 hs. Cat.2016 <span style=\"color: #ff0000;\"><strong>-SUSPENDIDO-<\/strong><\/span><br \/>\n16:00 hs. Cat.2015 <strong><span style=\"color: #ff0000;\">-SUSPENDIDO-<\/span><\/strong><\/p>\n<p>12:00 hs. Cat.2014 <strong><span style=\"color: #ff0000;\">-SUSPENDIDO-<\/span><\/strong><br \/>\n13:15 hs. Cat.2013 <span style=\"color: #ff0000;\"><strong>-SUSPENDIDO-<\/strong><\/span><br \/>\n14:30 hs. Cat.5a <span style=\"color: #ff0000;\"><strong>-SUSPENDIDO-<\/strong><\/span><br \/>\n15.45 hs. Cat.2012 <strong><span style=\"color: #ff0000;\">-SUSPENDIDO-<\/span><\/strong><br \/>\n17:00 hs. Cat.2011 <span style=\"color: #ff0000;\"><strong>-SUSPENDIDO-<\/strong><\/span><\/p>\n","protected":false},"excerpt":{"rendered":"<p>PRIMERA DIVISION S\u00e1bado 18 de julio, cancha V\u00e9lez 15:30 hs. Trocha Vs. Uni\u00f3n -SUSPENDIDO-<\/p>\n","protected":false},"author":2,"featured_media":0,"comment_status":"open","ping_status":"open","sticky":false,"template":"","format":"standard","meta":{"footnotes":""},"categories":[4],"tags":[],"class_list":["post-50988","post","type-post","status-publish","format-standard","hentry","category-informaciongeneral"],"_links":{"self":[{"href":"https:\/\/ligamercedina.com\/web\/wp-json\/wp\/v2\/posts\/50988","targetHints":{"allow":["GET"]}}],"collection":[{"href":"https:\/\/ligamercedina.com\/web\/wp-json\/wp\/v2\/posts"}],"about":[{"href":"https:\/\/ligamercedina.com\/web\/wp-json\/wp\/v2\/types\/post"}],"author":[{"embeddable":true,"href":"https:\/\/ligamercedina.com\/web\/wp-json\/wp\/v2\/users\/2"}],"replies":[{"embeddable":true,"href":"https:\/\/ligamercedina.com\/web\/wp-json\/wp\/v2\/comments?post=50988"}],"version-history":[{"count":14,"href":"https:\/\/ligamercedina.com\/web\/wp-json\/wp\/v2\/posts\/50988\/revisions"}],"predecessor-version":[{"id":51010,"href":"https:\/\/ligamercedina.com\/web\/wp-json\/wp\/v2\/posts\/50988\/revisions\/51010"}],"wp:attachment":[{"href":"https:\/\/ligamercedina.com\/web\/wp-json\/wp\/v2\/media?parent=50988"}],"wp:term":[{"taxonomy":"category","embeddable":true,"href":"https:\/\/ligamercedina.com\/web\/wp-json\/wp\/v2\/categories?post=50988"},{"taxonomy":"post_tag","embeddable":true,"href":"https:\/\/ligamercedina.com\/web\/wp-json\/wp\/v2\/tags?post=50988"}],"curies":[{"name":"wp","href":"https:\/\/api.w.org\/{rel}","templated":true}]}}