{"id":50143,"date":"2026-05-01T19:38:03","date_gmt":"2026-05-01T22:38:03","guid":{"rendered":"https:\/\/ligamercedina.com\/web\/?p=50143"},"modified":"2026-05-01T20:35:36","modified_gmt":"2026-05-01T23:35:36","slug":"infanto-juvenil-resultados-fecha-8-9","status":"publish","type":"post","link":"https:\/\/ligamercedina.com\/web\/infanto-juvenil-resultados-fecha-8-9\/","title":{"rendered":"INFANTO &#8211; JUVENIL: RESULTADOS FECHA 8"},"content":{"rendered":"<p><strong>Categor\u00eda 2016<\/strong><br \/>\nTalleres 0 &#8211;  Ateneo  4<br \/>\nCarteros Vs. Mercedes (Suspendido)<br \/>\nTrocha 4 &#8211;  V\u00e9lez 0<br \/>\nJuventud 1 &#8211;  Uni\u00f3n 1<br \/>\nHolanda 0 &#8211;  Quilmes 5<\/p>\n<p><strong>Categor\u00eda 2015<\/strong><br \/>\nTalleres 0 &#8211;  Ateneo 3<br \/>\nCarteros Vs. Mercedes (Suspendido)<br \/>\nTrocha 4 &#8211;  V\u00e9lez 1<br \/>\nEstudiantes 6 &#8211;  La Tijera 0<br \/>\nJuventud 2  Uni\u00f3n 2<br \/>\nDep. Gowland 0 &#8211;  Defensores 3<br \/>\nHolanda 1 &#8211;  Quilmes 3<\/p>\n<p><strong>Categor\u00eda 2014<\/strong><br \/>\nTalleres 0  &#8211; Ateneo  0<br \/>\nCarteros 0 &#8211;  Mercedes 0<br \/>\nJuventud Vs. Uni\u00f3n<\/p>\n<p><strong>Categor\u00eda 2013<\/strong><br \/>\nTalleres  1 &#8211;  Ateneo  1<br \/>\nJorge Newbery 0 &#8211;  El Front\u00f3n 4<br \/>\nCarteros 0 &#8211; Mercedes 1<br \/>\nTrocha 1 &#8211;  V\u00e9lez 1<br \/>\nEstudiantes 4 &#8211;  La Tijera 0<br \/>\nJuventud Vs. Uni\u00f3n<br \/>\nPalometas Vs. El Tim\u00f3n<br \/>\nVilla Manchi 4 &#8211;  SAPA 1<br \/>\nDep. Gowland 0 &#8211;  Defensores 0<\/p>\n<p><strong>Categor\u00eda 2012<\/strong><br \/>\nJorge Newbery 1 &#8211; El Front\u00f3n 1<br \/>\nCarteros 0 &#8211;  Mercedes 1<br \/>\nTrocha 0 &#8211; V\u00e9lez 3<br \/>\nJuventud Vs. Uni\u00f3n<br \/>\nPalometas Vs. El Tim\u00f3n<br \/>\nVilla Manchi 2 &#8211;  SAPA 2<\/p>\n<p><strong>Categor\u00eda 2011<\/strong><br \/>\nJorge Newbery 0 &#8211; El Front\u00f3n 5<br \/>\nCarteros 0 &#8211;  Mercedes 2<br \/>\nEstudiantes  6 &#8211;  La Tijera 0<br \/>\nJuventud Vs. Uni\u00f3n<br \/>\nPalometas Vs. El Tim\u00f3n<br \/>\nVilla Manchi 3 &#8211; SAPA 0<\/p>\n<p><strong>Categor\u00eda 5a<\/strong><br \/>\nJorge Newbery 1 &#8211;  El Front\u00f3n 3<br \/>\nCarteros 0 &#8211;  Mercedes 3<br \/>\nTrocha 3 &#8211;  V\u00e9lez 3<br \/>\nEstudiantes 3 \u2013  La Tijera 1<br \/>\nJuventud Vs. Uni\u00f3n<br \/>\nPalometas Vs. El Tim\u00f3n<br \/>\nVilla Manchi 0 &#8211;  SAPA 1<\/p>\n","protected":false},"excerpt":{"rendered":"<p>Categor\u00eda 2016 Talleres 0 &#8211; Ateneo 4 Carteros Vs. Mercedes (Suspendido) Trocha 4 &#8211; V\u00e9lez 0 Juventud 1 &#8211; Uni\u00f3n 1 Holanda 0 &#8211; Quilmes 5 Categor\u00eda 2015 Talleres 0 &#8211; Ateneo 3 Carteros Vs. Mercedes (Suspendido) Trocha 4 &#8211; V\u00e9lez 1 Estudiantes 6 &#8211; La Tijera 0 Juventud 2 Uni\u00f3n 2 Dep. Gowland 0 &#8211; Defensores 3 Holanda 1<\/p>\n","protected":false},"author":2,"featured_media":0,"comment_status":"open","ping_status":"open","sticky":false,"template":"","format":"standard","meta":{"footnotes":""},"categories":[4],"tags":[],"class_list":["post-50143","post","type-post","status-publish","format-standard","hentry","category-informaciongeneral"],"_links":{"self":[{"href":"https:\/\/ligamercedina.com\/web\/wp-json\/wp\/v2\/posts\/50143","targetHints":{"allow":["GET"]}}],"collection":[{"href":"https:\/\/ligamercedina.com\/web\/wp-json\/wp\/v2\/posts"}],"about":[{"href":"https:\/\/ligamercedina.com\/web\/wp-json\/wp\/v2\/types\/post"}],"author":[{"embeddable":true,"href":"https:\/\/ligamercedina.com\/web\/wp-json\/wp\/v2\/users\/2"}],"replies":[{"embeddable":true,"href":"https:\/\/ligamercedina.com\/web\/wp-json\/wp\/v2\/comments?post=50143"}],"version-history":[{"count":8,"href":"https:\/\/ligamercedina.com\/web\/wp-json\/wp\/v2\/posts\/50143\/revisions"}],"predecessor-version":[{"id":50154,"href":"https:\/\/ligamercedina.com\/web\/wp-json\/wp\/v2\/posts\/50143\/revisions\/50154"}],"wp:attachment":[{"href":"https:\/\/ligamercedina.com\/web\/wp-json\/wp\/v2\/media?parent=50143"}],"wp:term":[{"taxonomy":"category","embeddable":true,"href":"https:\/\/ligamercedina.com\/web\/wp-json\/wp\/v2\/categories?post=50143"},{"taxonomy":"post_tag","embeddable":true,"href":"https:\/\/ligamercedina.com\/web\/wp-json\/wp\/v2\/tags?post=50143"}],"curies":[{"name":"wp","href":"https:\/\/api.w.org\/{rel}","templated":true}]}}