{"id":50097,"date":"2026-04-27T15:21:17","date_gmt":"2026-04-27T18:21:17","guid":{"rendered":"https:\/\/ligamercedina.com\/web\/?p=50097"},"modified":"2026-04-28T10:13:13","modified_gmt":"2026-04-28T13:13:13","slug":"horarios-para-el-fin-de-semana-largo-3","status":"publish","type":"post","link":"https:\/\/ligamercedina.com\/web\/horarios-para-el-fin-de-semana-largo-3\/","title":{"rendered":"HORARIOS PARA EL FIN DE SEMANA LARGO"},"content":{"rendered":"<h4 style=\"text-align: center;\"><span style=\"color: #ff0000;\"><strong>PRIMERA DIVISION<\/strong><\/span><\/h4>\n<p><em><strong>Viernes 1 de mayo, cancha V\u00e9lez<\/strong><\/em><br \/>\n13:45 hs. Uni\u00f3n Vs. Trocha<br \/>\n15:45 hs. Carteros Vs. El Front\u00f3n<\/p>\n<p><em><strong>Viernes 1 de mayo, cancha Estudiantes<\/strong><\/em><br \/>\n14:00 hs. Estudiantes Vs. El Tim\u00f3n<\/p>\n<p><em><strong>Viernes 1 de mayo, cancha Quilmes <\/strong><\/em><br \/>\n16:00 hs. Quilmes Vs. Pabell\u00f3n Argentino<\/p>\n<p><strong>Viernes 1 de mayo, cancha Juventud<\/strong><br \/>\n20:30 hs. Juventud Vs. V\u00e9lez<\/p>\n<p><em><strong>S\u00e1bado 2 de mayo, cancha Estudiantes<\/strong><\/em><br \/>\n13:45 hs. Mercedes Vs. Defensores<br \/>\n15:45 hs. Jorge Newbery Vs. Palometas<!--more--><\/p>\n<p><em><strong>Domingo 3 de mayo, cancha a confirmar<\/strong><\/em><br \/>\n13:45 hs. All Haz Vs. Holanda<br \/>\n15:45 hs. AMEFIP Vs. Villa Manchi<\/p>\n<h4 style=\"text-align: center;\"><span style=\"color: #ff0000;\"><strong>RESERVA<\/strong><\/span><\/h4>\n<p><em><strong>Viernes 1 de mayo, cancha Quilmes <\/strong><\/em><br \/>\n14:00 hs. Quilmes Vs. Pabell\u00f3n Argentino<\/p>\n<p><em><strong>Viernes 1 de mayo, cancha Estudiantes<\/strong><\/em><br \/>\n16:00 hs. Estudiantes Vs. El Tim\u00f3n<\/p>\n<p><strong>Viernes 1 de mayo, cancha Juventud<\/strong><br \/>\n18:30 hs. Juventud Vs. V\u00e9lez<\/p>\n<p><em><strong>Viernes 1 de mayo, cancha Carteros<\/strong><\/em><br \/>\n19:00 hs. Carteros Vs. El Front\u00f3n<\/p>\n<p><em><strong>S\u00e1bado 2 de mayo, cancha Carteros<\/strong><\/em><br \/>\n13:15 hs. Jorge Newbery Vs. Palometas<br \/>\n15:15 hs. AMEFIP Vs. Villa Manchi<\/p>\n<p><em><strong>S\u00e1bado 2 de mayo, cancha Mercedes<\/strong><\/em><br \/>\n16:45 hs. Mercedes Vs. Defensores<\/p>\n<p><em><strong>S\u00e1bado 2 de mayo, cancha Uni\u00f3n<\/strong><\/em><br \/>\n18:00 hs. Uni\u00f3n Vs. Trocha<\/p>\n<p><em><strong>Domingo 3 de mayo, cancha Carteros<\/strong><\/em><br \/>\n17:00 hs. All Haz Vs. Holanda<\/p>\n<p><strong>A confirmar<\/strong><br \/>\nJuventud Vs. V\u00e9lez<\/p>\n<h4 style=\"text-align: center;\"><span style=\"color: #ff0000;\"><strong>INFANTO JUVENIL<\/strong><\/span><\/h4>\n<h6 style=\"text-align: center;\"><span style=\"color: #339966;\"><strong>FECHA 8 &#8211; Viernes 1 de mayo<\/strong><\/span><\/h6>\n<p><strong>Talleres Vs. Ateneo (Cancha Defensores)<\/strong><br \/>\n14:00 hs. Cat.2017<br \/>\n15:00 hs. Cat.2016<br \/>\n16:00 hs. Cat.2015<\/p>\n<p>11:00 hs. Cat.2014<br \/>\n12:15 hs. Cat.2013<\/p>\n<p><strong>Jorge Newbery Vs. El Front\u00f3n<\/strong><br \/>\n11:00 hs. Cat.2013<br \/>\n12:15 hs. Cat.5a<br \/>\n13.45 hs. Cat.2012<br \/>\n15:00 hs. Cat.2011<\/p>\n<p><strong>Carteros Vs. Mercedes<\/strong><br \/>\n13:00 hs. El Recreo del F\u00fatbol-<br \/>\n14:00 hs. Cat.2017<br \/>\n15:00 hs. Cat.2016<br \/>\n16:00 hs. Cat.2015<\/p>\n<p>11:00 hs. Cat.2014<br \/>\n12:15 hs. Cat.2013<br \/>\n13:30 hs. Cat.5a<br \/>\n15.00 hs. Cat.2012<br \/>\n16:15 hs. Cat.2011<\/p>\n<p><strong>Trocha Vs. V\u00e9lez<\/strong><br \/>\n13:00 hs. El Recreo del F\u00fatbol-<br \/>\n14:00 hs. Cat.2017<br \/>\n15:00 hs. Cat.2016<br \/>\n16:00 hs. Cat.2015<\/p>\n<p>11:15 hs. Cat.2013<br \/>\n12:30 hs. Cat.5a<br \/>\n14.00 hs. Cat.2012<\/p>\n<p><strong>Estudiantes Vs. La Tijera<\/strong><br \/>\n13:00 hs. Cat.2015<\/p>\n<p>11:00 hs. Cat.5a<br \/>\n12:30 hs. Cat.2011<br \/>\n13:45 hs. Cat.2011<\/p>\n<p><strong>Juventud Vs. Uni\u00f3n<\/strong><br \/>\n13:00 hs. El Recreo del F\u00fatbol-<br \/>\n14:00 hs. Cat.2017<br \/>\n15:00 hs. Cat.2016<br \/>\n16:00 hs. Cat.2015<\/p>\n<p>11:00 hs. Cat.2014<br \/>\n12:15 hs. Cat.2013<br \/>\n13:30 hs. Cat.5a<br \/>\n15.00 hs. Cat.2012<br \/>\n16:15 hs. Cat.2011<\/p>\n<p><strong>Dep. Gowland Vs. Defensores<\/strong><br \/>\n13:00 hs. Cat.2017<br \/>\n14:00 hs. Cat.2015<\/p>\n<p>11:30 hs. Cat.2013<\/p>\n<p><strong>Holanda Vs. Quilmes<\/strong><br \/>\n11:00 hs. Cat.2017<br \/>\n12:00 hs. Cat.2016<br \/>\n13:00 hs. Cat.2015<\/p>\n<p><strong>Palometas Vs. El Tim\u00f3n<\/strong><br \/>\n11:00 hs. Cat.2013<br \/>\n12:15 hs. Cat.2012<br \/>\n13.30 hs. Cat.5a<br \/>\n15:00 hs. Cat.2011<\/p>\n<p><strong>Villa Manchi Vs. SAPA<\/strong><br \/>\n11:00 hs. Cat.2013<br \/>\n12:15 hs. Cat.2012<br \/>\n13.45 hs. Cat.5a<br \/>\n15:00 hs. Cat.2011<\/p>\n<h6 style=\"text-align: center;\"><span style=\"color: #339966;\"><strong>FECHA &#8211; 9 &#8211; S\u00e1bado 2 de mayo<\/strong><\/span><\/h6>\n<p><strong>Ateneo Vs. Villa Manchi<\/strong><br \/>\n13:00 hs. El Recreo del F\u00fatbol-<br \/>\n14:00 hs. Cat.2017<br \/>\n15:00 hs. Cat.2016<br \/>\n16:00 hs. Cat.2015<\/p>\n<p>11:00 hs. Cat.2014<br \/>\n12:15 hs. Cat.2013<br \/>\n13:30 hs. Cat.5a<br \/>\n15.00 hs. Cat.2012<br \/>\n16:15 hs. Cat.2011<\/p>\n<p><strong>SAPA Vs. Palometas<\/strong><br \/>\n10:30 hs. Cat.2013<br \/>\n11:45 hs. Cat.5a<br \/>\n13.15 hs. Cat.2012<br \/>\n14:30 hs. Cat.2011<\/p>\n<p><strong>Quilmes Vs. Dep. Gowland<\/strong><br \/>\n13:00 hs. Cat.2017<br \/>\n14:00 hs. Cat.2015<\/p>\n<p>11:30 hs. Cat.2013<\/p>\n<p><strong>Defensores Vs. Juventud<\/strong><br \/>\n13:00 hs. El Recreo del F\u00fatbol-<br \/>\n14:00 hs. Cat.2017<br \/>\n15:00 hs. Cat.2016<br \/>\n16:00 hs. Cat.2015<\/p>\n<p>11:00 hs. Cat.2014<br \/>\n12:15 hs. Cat.2013<br \/>\n13:30 hs. Cat.5a<br \/>\n15.00 hs. Cat.2012<br \/>\n16:15 hs. Cat.2011<\/p>\n<p><strong>Uni\u00f3n Vs. Estudiantes<\/strong><br \/>\n13:00 hs. El Recreo del F\u00fatbol-<br \/>\n14:00 hs. Cat.2017<br \/>\n15:00 hs. Cat.2016<br \/>\n16:00 hs. Cat.2015<\/p>\n<p>11:00 hs. Cat.2014<br \/>\n12:15 hs. Cat.2013<br \/>\n13:30 hs. Cat.5a<br \/>\n15.00 hs. Cat.2012<br \/>\n16:15 hs. Cat.2011<\/p>\n<p><strong>La Tijera Vs. Trocha<\/strong><br \/>\n12:00 hs. Cat.2015<\/p>\n<p>13:00 hs. Cat.2013<br \/>\n14:15 hs. Cat.5a<br \/>\n15:45 hs. Cat.2011<\/p>\n<p><strong>V\u00e9lez Vs. Carteros<\/strong><br \/>\n12:00 hs. El Recreo del F\u00fatbol-<br \/>\n13:00 hs. Cat.2017<br \/>\n14:00 hs. Cat.2016<br \/>\n15:00 hs. Cat.2015<\/p>\n<p>11:00 hs. Cat.2013<br \/>\n12:15 hs. Cat.2012<br \/>\n13:30 hs. Cat.5a<\/p>\n<p><strong>Mercedes Vs. Jorge Newbery<\/strong><br \/>\n11:00 hs. Cat.2013<br \/>\n12:15 hs. Cat.5a<br \/>\n13.45 hs. Cat.2012<br \/>\n15:00 hs. Cat.2011<\/p>\n<p><strong>El Front\u00f3n Vs. Talleres<\/strong><br \/>\n13:00 hs. Cat.2017<br \/>\n14:00 hs. Cat.2016<br \/>\n15:00 hs. Cat.2015<\/p>\n<p>11:00 hs. Cat.2014<br \/>\n12:15 hs. Cat.2013<\/p>\n<h4 style=\"text-align: center;\"><span style=\"color: #ff0000;\"><strong>FEMENINO PRIMERA<\/strong><\/span><\/h4>\n<p><em><strong>Viernes 1 de mayo, cancha El Front\u00f3n<\/strong><\/em><br \/>\n12:00 hs. El Front\u00f3n Vs. Carteros<\/p>\n<p><em><strong>Viernes 1 de mayo, cancha Mercedes<\/strong><\/em><br \/>\n13:00 hs. Mercedes Vs. Dep. Nicol\u00e1s<\/p>\n<p><em><strong>Viernes 1 de mayo, cancha Pabell\u00f3n Argentino<\/strong><\/em><br \/>\n13:30 hs. SAPA Vs. Palometas<\/p>\n<p><em><strong>S\u00e1bado 2 de mayo, cancha El Tim\u00f3n<\/strong><\/em><br \/>\n15:00 hs. El Tim\u00f3n Vs. Trocha<\/p>\n<h4 style=\"text-align: center;\"><span style=\"color: #ff0000;\"><strong>FEMENINO INFERIORES<\/strong><\/span><\/h4>\n<h6 style=\"text-align: center;\"><span style=\"color: #339966;\"><strong>VIERNES 1 DE MAYO &#8211; (Fecha 5)<\/strong><\/span><\/h6>\n<p><strong>Cancha Mercedes<\/strong><br \/>\n12:00 hs. -Sub 13- Mercedes \u2013 Trocha<\/p>\n<p>15:00 hs. -Sub 15- Mercedes \u2013 Trocha<\/p>\n<p><strong>Cancha Villa Manchi<\/strong><br \/>\n11:00 hs. -Sub 11-Villa Manchi \u2013 Cicl\u00f3n<br \/>\n12:00 hs. -Sub 13- Villa Manchi \u2013 Cicl\u00f3n<\/p>\n<p><strong>Cancha Dep. Nicol\u00e1s<\/strong><br \/>\n-SUB 13-Deportivo Nicol\u00e1s \u2013 Palometas Bord\u00f3<\/p>\n<p>-sub 17- Deportivo Nicol\u00e1s \u2013 Estudiantes<\/p>\n<p><strong>Cancha El Front\u00f3n<\/strong><br \/>\n11:00 hs. -Sub 13- El Front\u00f3n \u2013 Holanda<\/p>\n<p><strong>Cancha Palometas<\/strong><br \/>\n11:00 hs. -SUB 13- Palometas \u2013 Deportivo Gowland<\/p>\n<p>16:30 hs. -SUB 17- Palometas \u2013 Deportivo Gowland<\/p>\n<p><strong>Cancha Carteros<\/strong><br \/>\n11:00 hs. -SUB 13- Los Carteros \u2013 Defensores<\/p>\n<p>&nbsp;<\/p>\n<h6 style=\"text-align: center;\"><span style=\"color: #339966;\"><strong>SABADO 2 DE MAYO &#8211; Fecha 6<\/strong><\/span><\/h6>\n<p>&nbsp;<\/p>\n<p><strong>Cancha Carteros<\/strong><br \/>\n11:00 hs. -SUB 13- Carteros \u2013 Mercedes<\/p>\n<p><strong>Cancha Defensores<\/strong><br \/>\n11:00 hs. -Sub 13- Defensores &#8211; Palometas<\/p>\n<p>18:00 hs. -Sub 15- Defensores \u2013 Palometas<\/p>\n<p><strong>Cancha Dep. Gowland<\/strong><br \/>\n12:30 hs.. -SUB 13- Dep. Gowland \u2013 El Front\u00f3n<\/p>\n<p>11:00 hs. -SUB 17- Dep. Gowland \u2013 El Front\u00f3n<\/p>\n<p><strong>Cancha Holanda<\/strong><br \/>\n11:00 hs. -SUB 13- Holanda \u2013 Dep. Nicol\u00e1s<\/p>\n<p><strong>Cancha Palometas<\/strong><br \/>\n12:00 hs. -SUB 13- Palometas Bord\u00f3 \u2013 Villa Manchi<\/p>\n<p><strong>Cancha Cicl\u00f3n<\/strong><br \/>\n-SUB 11- Cicl\u00f3n \u2013 Trocha<br \/>\n-SUB 13- Cicl\u00f3n \u2013 Trocha<\/p>\n<p>-SUB 15- Cicl\u00f3n \u2013 Trocha<br \/>\n-SUB 17- Cicl\u00f3n \u2013 Trocha<\/p>\n","protected":false},"excerpt":{"rendered":"<p>PRIMERA DIVISION Viernes 1 de mayo, cancha V\u00e9lez 13:45 hs. Uni\u00f3n Vs. Trocha 15:45 hs. Carteros Vs. El Front\u00f3n Viernes 1 de mayo, cancha Estudiantes 14:00 hs. Estudiantes Vs. El Tim\u00f3n Viernes 1 de mayo, cancha Quilmes 16:00 hs. Quilmes Vs. Pabell\u00f3n Argentino Viernes 1 de mayo, cancha Juventud 20:30 hs. Juventud Vs. V\u00e9lez S\u00e1bado 2 de mayo, cancha Estudiantes<\/p>\n","protected":false},"author":2,"featured_media":0,"comment_status":"open","ping_status":"open","sticky":false,"template":"","format":"standard","meta":{"footnotes":""},"categories":[4],"tags":[],"class_list":["post-50097","post","type-post","status-publish","format-standard","hentry","category-informaciongeneral"],"_links":{"self":[{"href":"https:\/\/ligamercedina.com\/web\/wp-json\/wp\/v2\/posts\/50097","targetHints":{"allow":["GET"]}}],"collection":[{"href":"https:\/\/ligamercedina.com\/web\/wp-json\/wp\/v2\/posts"}],"about":[{"href":"https:\/\/ligamercedina.com\/web\/wp-json\/wp\/v2\/types\/post"}],"author":[{"embeddable":true,"href":"https:\/\/ligamercedina.com\/web\/wp-json\/wp\/v2\/users\/2"}],"replies":[{"embeddable":true,"href":"https:\/\/ligamercedina.com\/web\/wp-json\/wp\/v2\/comments?post=50097"}],"version-history":[{"count":11,"href":"https:\/\/ligamercedina.com\/web\/wp-json\/wp\/v2\/posts\/50097\/revisions"}],"predecessor-version":[{"id":50113,"href":"https:\/\/ligamercedina.com\/web\/wp-json\/wp\/v2\/posts\/50097\/revisions\/50113"}],"wp:attachment":[{"href":"https:\/\/ligamercedina.com\/web\/wp-json\/wp\/v2\/media?parent=50097"}],"wp:term":[{"taxonomy":"category","embeddable":true,"href":"https:\/\/ligamercedina.com\/web\/wp-json\/wp\/v2\/categories?post=50097"},{"taxonomy":"post_tag","embeddable":true,"href":"https:\/\/ligamercedina.com\/web\/wp-json\/wp\/v2\/tags?post=50097"}],"curies":[{"name":"wp","href":"https:\/\/api.w.org\/{rel}","templated":true}]}}