{"id":50089,"date":"2026-04-26T22:04:11","date_gmt":"2026-04-27T01:04:11","guid":{"rendered":"https:\/\/ligamercedina.com\/web\/?p=50089"},"modified":"2026-04-27T09:23:55","modified_gmt":"2026-04-27T12:23:55","slug":"resultados-de-primera-pendientes","status":"publish","type":"post","link":"https:\/\/ligamercedina.com\/web\/resultados-de-primera-pendientes\/","title":{"rendered":"Resultados de Primera &#8211; pendientes"},"content":{"rendered":"<p><strong>Holanda 0.<\/strong><br \/>\n<strong>Ateneo de la Juventud 6:<\/strong> Nicol\u00e1s Bertaina, Alex Ivachich 3, Maro Guerra y Facundo Del Bianco.<\/p>\n<p><strong>Club Mercedes 1:<\/strong> Felipe Redondi.<br \/>\n<strong>Trocha 0<\/strong>.<\/p>\n<p><strong>Palometas 4:<\/strong> Angel Far\u00edas, Thom\u00e1s Pinto, Eli\u00e1n Zuleta y Valentino Russi.<br \/>\n<strong>Juventud de Suipacha 0<\/strong>.<br \/>\n<a href=\"https:\/\/ligamercedina.com\/web\/wp-content\/uploads\/2026\/04\/Primera-2026-1.jpg\"><img loading=\"lazy\" decoding=\"async\" class=\"aligncenter size-full wp-image-50091\" src=\"https:\/\/ligamercedina.com\/web\/wp-content\/uploads\/2026\/04\/Primera-2026-1.jpg\" alt=\"\" width=\"640\" height=\"565\" srcset=\"https:\/\/ligamercedina.com\/web\/wp-content\/uploads\/2026\/04\/Primera-2026-1.jpg 640w, https:\/\/ligamercedina.com\/web\/wp-content\/uploads\/2026\/04\/Primera-2026-1-300x265.jpg 300w\" sizes=\"auto, (max-width: 640px) 100vw, 640px\" \/><\/a><\/p>\n","protected":false},"excerpt":{"rendered":"<p>Holanda 0. Ateneo de la Juventud 6: Nicol\u00e1s Bertaina, Alex Ivachich 3, Maro Guerra y Facundo Del Bianco. Club Mercedes 1: Felipe Redondi. Trocha 0. Palometas 4: Angel Far\u00edas, Thom\u00e1s Pinto, Eli\u00e1n Zuleta y Valentino Russi. Juventud de Suipacha 0.<\/p>\n","protected":false},"author":2,"featured_media":0,"comment_status":"open","ping_status":"open","sticky":false,"template":"","format":"standard","meta":{"footnotes":""},"categories":[4],"tags":[114,121],"class_list":["post-50089","post","type-post","status-publish","format-standard","hentry","category-informaciongeneral","tag-liga-mercedina-de-futbol","tag-primera-division-a"],"_links":{"self":[{"href":"https:\/\/ligamercedina.com\/web\/wp-json\/wp\/v2\/posts\/50089","targetHints":{"allow":["GET"]}}],"collection":[{"href":"https:\/\/ligamercedina.com\/web\/wp-json\/wp\/v2\/posts"}],"about":[{"href":"https:\/\/ligamercedina.com\/web\/wp-json\/wp\/v2\/types\/post"}],"author":[{"embeddable":true,"href":"https:\/\/ligamercedina.com\/web\/wp-json\/wp\/v2\/users\/2"}],"replies":[{"embeddable":true,"href":"https:\/\/ligamercedina.com\/web\/wp-json\/wp\/v2\/comments?post=50089"}],"version-history":[{"count":2,"href":"https:\/\/ligamercedina.com\/web\/wp-json\/wp\/v2\/posts\/50089\/revisions"}],"predecessor-version":[{"id":50092,"href":"https:\/\/ligamercedina.com\/web\/wp-json\/wp\/v2\/posts\/50089\/revisions\/50092"}],"wp:attachment":[{"href":"https:\/\/ligamercedina.com\/web\/wp-json\/wp\/v2\/media?parent=50089"}],"wp:term":[{"taxonomy":"category","embeddable":true,"href":"https:\/\/ligamercedina.com\/web\/wp-json\/wp\/v2\/categories?post=50089"},{"taxonomy":"post_tag","embeddable":true,"href":"https:\/\/ligamercedina.com\/web\/wp-json\/wp\/v2\/tags?post=50089"}],"curies":[{"name":"wp","href":"https:\/\/api.w.org\/{rel}","templated":true}]}}