{"id":466,"date":"2008-05-31T09:57:54","date_gmt":"2008-05-31T12:57:54","guid":{"rendered":"https:\/\/ligamercedina.com\/?p=466"},"modified":"2008-05-31T09:57:54","modified_gmt":"2008-05-31T12:57:54","slug":"se-juega-una-fecha-del-futbol-infantil","status":"publish","type":"post","link":"https:\/\/ligamercedina.com\/web\/se-juega-una-fecha-del-futbol-infantil\/","title":{"rendered":"SE JUG\u00d3 UNA FECHA DEL FUTBOL INFANTIL"},"content":{"rendered":"<p><strong> ATENEO Vs. JUVENTUD DE SUIPACHA<\/strong><br \/>\nCategor\u00eda 99: <strong>1<\/strong> (Francisco Delvento) &#8211;  <strong>4 <\/strong>(Jorge Calabressi, Valent\u00edn Olivera, Edgardo Su\u00e1rez y Enzo Taramasco)<!--more--><br \/>\nCategor\u00eda 98: <strong>0<\/strong> &#8211; <strong>3<\/strong> (Santiago Flynn y Juli\u00e1n G\u00f3mez -2-)<br \/>\nCategor\u00eda 97: <strong>4 <\/strong>(Nicol\u00e1s P\u00e9rez, Luciano Ravassa -2- y Francisco Uncal) &#8211;<strong> 1<\/strong> (Manuel Dos Reis)<br \/>\nCategor\u00eda 96: <strong>0 &#8211; 8<\/strong> (Bautista Avila -2-, Mat\u00edas Avila, Jonathan Fehrenbacher, M\u00e1ximo Ottolini -3- y Lautaro Zabala)<br \/>\nCategor\u00eda 95: <strong>0 &#8211; 5<\/strong> (Luis Novoa, Lucas P\u00e9rez Zunino -2-, Juli\u00e1n Regojo y Joaqu\u00edn Sosa)<br \/>\nCategor\u00eda 94: <strong>4 <\/strong>(Lucas Centuri\u00f3n, Facundo P\u00e9rez, Ra\u00fal Resqu\u00edn y Gast\u00f3n Tust) &#8211; <strong>1<\/strong> (Tom\u00e1s Rossetti)<br \/>\nCategor\u00eda 93: <strong>3<\/strong> (Tom\u00e1s Bolia, Lucas Cendoya y Mat\u00edas Villalba) &#8211; <strong>3<\/strong> (Jos\u00e9 Cocaro, Mauro Correa y Felipe Tabossi)<br \/>\nCategor\u00eda 92-91:<strong> 1<\/strong> (Blas Aschero) &#8211; <strong>1<\/strong> (Jos\u00e9 D\u2019Onofrio)<\/p>\n<p><strong> QUILMES Vs. MERCEDES \u00abA\u00bb<\/strong><br \/>\nCategor\u00eda 99: <strong>0-1<\/strong><br \/>\nCategor\u00eda 98: <strong>0-2<\/strong><br \/>\nCategor\u00eda 97:  <strong>2-0<\/strong><br \/>\nCategor\u00eda 96: <strong>0-1<\/strong><br \/>\nCategor\u00eda 95: <strong>1-1<\/strong><br \/>\nCategor\u00eda 94: <strong>2-0<\/strong><br \/>\nCategor\u00eda 93: <strong>1-3<\/strong><br \/>\nCategor\u00eda 92-91:  <strong>2-0<\/strong><\/p>\n<p><strong> ESTUDIANTES Vs. VELEZ SARSFIELD<\/strong><br \/>\nCategor\u00eda 99: <strong>2 <\/strong>(Braian Climi\u00f1o y Tom\u00e1s Maldonado) <strong>-1<\/strong> (Enzo Ch\u00e1vez)<br \/>\nCategor\u00eda 98: <strong>3 <\/strong>(Agust\u00edn Barrera y Nicol\u00e1s Bartolomeo -2-) &#8211;<strong>1 <\/strong>(Fabricio Chaparro)<br \/>\nCategor\u00eda 97: <strong>1 <\/strong>(Franco Olivieri) &#8211;<strong>0<\/strong><br \/>\nCategor\u00eda 96: <strong>1 <\/strong>(Alejandro Cardozo) &#8211;<strong>3 <\/strong>(Franco Diez y Nicol\u00e1s Ram\u00edrez -2-)<br \/>\nCategor\u00eda 95: <strong>5<\/strong> (Ezequiel Avelar, Augusto Bertera, Juan Lombardo -2- y Marcos Vel\u00e1zquez) &#8211;<strong>0<\/strong><br \/>\nCategor\u00eda 94: <strong>1 <\/strong>(Franco Falabella) &#8211;<strong>2 <\/strong>(Lucas Coletta y Lautaro D\u00edaz)<br \/>\nCategor\u00eda 93: <strong>2 <\/strong>(Ezequiel Lossino y Agust\u00edn Luna) &#8211; <strong>0<\/strong><br \/>\nCategor\u00eda 92-91:  <strong>1<\/strong>(Bruno Maldonado) &#8211;<strong> 2<\/strong> (Blas Cobucho y Diego Dubertti)<\/p>\n<p><strong>MERCEDES VS. UNION<\/strong><br \/>\nCategor\u00eda 99: <strong>4-0<\/strong><br \/>\nCategor\u00eda 98: <strong>5-0<\/strong><br \/>\nCategor\u00eda 97: <strong>3-0<\/strong><br \/>\nCategor\u00eda 96: <strong>8-0 <\/strong><br \/>\nCategor\u00eda 95: <strong>8-0<\/strong><br \/>\nCategor\u00eda 94: <strong>8-0<\/strong><\/p>\n","protected":false},"excerpt":{"rendered":"<p>ATENEO Vs. JUVENTUD DE SUIPACHA Categor\u00eda 99: 1 (Francisco Delvento) &#8211; 4 (Jorge Calabressi, Valent\u00edn Olivera, Edgardo Su\u00e1rez y Enzo Taramasco)<\/p>\n","protected":false},"author":1,"featured_media":0,"comment_status":"open","ping_status":"open","sticky":false,"template":"","format":"standard","meta":{"footnotes":""},"categories":[4],"tags":[],"class_list":["post-466","post","type-post","status-publish","format-standard","hentry","category-informaciongeneral"],"_links":{"self":[{"href":"https:\/\/ligamercedina.com\/web\/wp-json\/wp\/v2\/posts\/466","targetHints":{"allow":["GET"]}}],"collection":[{"href":"https:\/\/ligamercedina.com\/web\/wp-json\/wp\/v2\/posts"}],"about":[{"href":"https:\/\/ligamercedina.com\/web\/wp-json\/wp\/v2\/types\/post"}],"author":[{"embeddable":true,"href":"https:\/\/ligamercedina.com\/web\/wp-json\/wp\/v2\/users\/1"}],"replies":[{"embeddable":true,"href":"https:\/\/ligamercedina.com\/web\/wp-json\/wp\/v2\/comments?post=466"}],"version-history":[{"count":0,"href":"https:\/\/ligamercedina.com\/web\/wp-json\/wp\/v2\/posts\/466\/revisions"}],"wp:attachment":[{"href":"https:\/\/ligamercedina.com\/web\/wp-json\/wp\/v2\/media?parent=466"}],"wp:term":[{"taxonomy":"category","embeddable":true,"href":"https:\/\/ligamercedina.com\/web\/wp-json\/wp\/v2\/categories?post=466"},{"taxonomy":"post_tag","embeddable":true,"href":"https:\/\/ligamercedina.com\/web\/wp-json\/wp\/v2\/tags?post=466"}],"curies":[{"name":"wp","href":"https:\/\/api.w.org\/{rel}","templated":true}]}}