{"id":45537,"date":"2025-12-18T00:50:26","date_gmt":"2025-12-18T03:50:26","guid":{"rendered":"https:\/\/ligamercedina.com\/web\/?p=45537"},"modified":"2025-12-18T01:27:04","modified_gmt":"2025-12-18T04:27:04","slug":"cuartos-de-final-ida","status":"publish","type":"post","link":"https:\/\/ligamercedina.com\/web\/cuartos-de-final-ida\/","title":{"rendered":"Cuartos de final &#8211; ida"},"content":{"rendered":"<p><span style=\"color: #0000ff;\"><strong>Mi\u00e9rcoles17 de diciembre<br \/>\n<\/strong><\/span><br \/>\n<strong>Villa Manchi 1:<\/strong> Mat\u00edas Paolacci.<br \/>\n<strong>Trocha 1:<\/strong> Lucas Gallo.<\/p>\n<p><strong>Pabell\u00f3n 1:<\/strong> Juan Castelano.<br \/>\n<strong>Estudiantes 1:<\/strong> Agust\u00edn Vivas.<\/p>\n<p><strong>Club Mercedes 3:<\/strong> Mateo Blanco, Juan Cabrera y Franco Taborda.<br \/>\n<strong>V\u00e9lez 1:<\/strong> Iker Scotto.<br \/>\n<a href=\"https:\/\/ligamercedina.com\/web\/wp-content\/uploads\/2025\/12\/IMG_4894.jpg\"><img loading=\"lazy\" decoding=\"async\" class=\"aligncenter size-full wp-image-45545\" src=\"https:\/\/ligamercedina.com\/web\/wp-content\/uploads\/2025\/12\/IMG_4894.jpg\" alt=\"\" width=\"640\" height=\"395\" srcset=\"https:\/\/ligamercedina.com\/web\/wp-content\/uploads\/2025\/12\/IMG_4894.jpg 640w, https:\/\/ligamercedina.com\/web\/wp-content\/uploads\/2025\/12\/IMG_4894-300x185.jpg 300w\" sizes=\"auto, (max-width: 640px) 100vw, 640px\" \/><\/a><\/p>\n","protected":false},"excerpt":{"rendered":"<p>Mi\u00e9rcoles17 de diciembre Villa Manchi 1: Mat\u00edas Paolacci. Trocha 1: Lucas Gallo. Pabell\u00f3n 1: Juan Castelano. Estudiantes 1: Agust\u00edn Vivas. Club Mercedes 3: Mateo Blanco, Juan Cabrera y Franco Taborda. V\u00e9lez 1: Iker Scotto.<\/p>\n","protected":false},"author":2,"featured_media":0,"comment_status":"open","ping_status":"open","sticky":false,"template":"","format":"standard","meta":{"footnotes":""},"categories":[4],"tags":[114,121],"class_list":["post-45537","post","type-post","status-publish","format-standard","hentry","category-informaciongeneral","tag-liga-mercedina-de-futbol","tag-primera-division-a"],"_links":{"self":[{"href":"https:\/\/ligamercedina.com\/web\/wp-json\/wp\/v2\/posts\/45537","targetHints":{"allow":["GET"]}}],"collection":[{"href":"https:\/\/ligamercedina.com\/web\/wp-json\/wp\/v2\/posts"}],"about":[{"href":"https:\/\/ligamercedina.com\/web\/wp-json\/wp\/v2\/types\/post"}],"author":[{"embeddable":true,"href":"https:\/\/ligamercedina.com\/web\/wp-json\/wp\/v2\/users\/2"}],"replies":[{"embeddable":true,"href":"https:\/\/ligamercedina.com\/web\/wp-json\/wp\/v2\/comments?post=45537"}],"version-history":[{"count":3,"href":"https:\/\/ligamercedina.com\/web\/wp-json\/wp\/v2\/posts\/45537\/revisions"}],"predecessor-version":[{"id":45546,"href":"https:\/\/ligamercedina.com\/web\/wp-json\/wp\/v2\/posts\/45537\/revisions\/45546"}],"wp:attachment":[{"href":"https:\/\/ligamercedina.com\/web\/wp-json\/wp\/v2\/media?parent=45537"}],"wp:term":[{"taxonomy":"category","embeddable":true,"href":"https:\/\/ligamercedina.com\/web\/wp-json\/wp\/v2\/categories?post=45537"},{"taxonomy":"post_tag","embeddable":true,"href":"https:\/\/ligamercedina.com\/web\/wp-json\/wp\/v2\/tags?post=45537"}],"curies":[{"name":"wp","href":"https:\/\/api.w.org\/{rel}","templated":true}]}}