{"id":455,"date":"2008-05-24T19:44:01","date_gmt":"2008-05-24T22:44:01","guid":{"rendered":"https:\/\/ligamercedina.com\/?p=455"},"modified":"2008-05-24T19:44:01","modified_gmt":"2008-05-24T22:44:01","slug":"en-minutos-todos-los-resultados","status":"publish","type":"post","link":"https:\/\/ligamercedina.com\/web\/en-minutos-todos-los-resultados\/","title":{"rendered":"RESULTADOS FUTBOL INFANTIL"},"content":{"rendered":"<p><strong>FUTBOL INFANTIL<\/strong><\/p>\n<p><strong>MERCEDES \u201cA\u201d Vs. ATENEO DE LA JUVENTUD<\/strong><!--more--><br \/>\nCategor\u00eda 99: <strong>1<\/strong> (Ignacio Vaccarezza \u2013 <strong>1 <\/strong>(Francisco Delvento)<br \/>\nCategor\u00eda 98: <strong>1 <\/strong>(Leonel Varela) &#8211; <strong>0<\/strong><br \/>\nCategor\u00eda 97: <strong>0 \u2013 3 <\/strong>(Nicol\u00e1s P\u00e9rez y Lautaro Jaime 2)<br \/>\nCategor\u00eda 96: <strong>3 <\/strong>(Gast\u00f3n Alzogaray 2 y Nicol\u00e1s Contardi) &#8211; <strong>0<\/strong><br \/>\nCategor\u00eda 95: <strong>1<\/strong> (Maximiliano C\u00e1rdenas) \u2013 <strong>1 <\/strong>(Federico Flores)<br \/>\nCategor\u00eda 94: <strong>0 \u2013 7 <\/strong>(Maximiliano Becerra, Lucas Centuri\u00f3n 3, Facundo P\u00e9rez 2 y Gast\u00f3n Tust)<br \/>\nCategor\u00eda 93: <strong>0 &#8211; 0<\/strong><br \/>\nCategor\u00eda 92-91:  <strong>2<\/strong> (Franco Subirain y Walter Cobucho) \u2013 <strong>6<\/strong> (Federico Boragno, Bruno Becerra, Blas Aschero 2, Mat\u00edas Ben\u00edtez y H\u00e9ctor Sotelo)<\/p>\n<p><strong>VELEZ SARSFIELD Vs. MERCEDES<\/strong><br \/>\nCategor\u00eda 99: <strong>0 \u2013 3 <\/strong>(Santiago Sosa, Juan Sparks y Agust\u00edn Virano)<br \/>\nCategor\u00eda 98: <strong>0 &#8211; 0<\/strong><br \/>\nCategor\u00eda 97: <strong>0 \u2013 2 <\/strong>(Manuel Bonnet y Nicol\u00e1s Celaya)<br \/>\nCategor\u00eda 96: <strong>4<\/strong> (Iv\u00e1n Quevedo 2 y Nicol\u00e1s Ram\u00edrez 2) \u2013 <strong>0 <\/strong><br \/>\nCategor\u00eda 95: <strong>0 \u2013 1<\/strong> (Ignacio J\u00e1uregui)<br \/>\nCategor\u00eda 94: <strong>2 <\/strong>(Adri\u00e1n Natale 2) &#8211; <strong>0<\/strong><br \/>\nCategor\u00eda 93: <strong>2 <\/strong>(Jorge Ullua 2) \u2013 <strong>4 <\/strong>(Santiago Domenget, Mateo Gaynor 2 y Mat\u00edas Meriles)<br \/>\nCategor\u00eda 92-91:  <strong>5<\/strong> (Iv\u00e1n C\u00f3rdoba, Maximiliano Lencina, Blas Cobucho, Diego Dubertti y Lucas Lofreda) \u2013 <strong>1 <\/strong>(Julio Sandoval)<\/p>\n<p><strong>COMUNICACIONES Vs.  ESTUDIANTES<\/strong><br \/>\nCategor\u00eda 99: <strong>1 <\/strong>(Alejandro Herrera) &#8211; <strong>0<\/strong><br \/>\nCategor\u00eda 98: <strong>0 \u2013 3<\/strong> (Nicol\u00e1s Bartolomeo, Santiago Fern\u00e1ndez y Dami\u00e1n Mansilla)<br \/>\nCategor\u00eda 97: <strong>0 \u2013 1 <\/strong>(Carlos Rossi)<br \/>\nCategor\u00eda 96: <strong>3<\/strong> (Nicol\u00e1s Montenegro 2 y Juan Calder\u00f3n)  &#8211; <strong>0<\/strong><br \/>\nCategor\u00eda 95: <strong>0 \u2013 8 <\/strong>(Ezequiel Avelar 2, Augusto Bertera, Lucas Blanco, Carlos Dubertti 2 y Juan Lombardo 2)<br \/>\nCategor\u00eda 94: <strong>1 <\/strong>(Agust\u00edn Ferreira) \u2013 <strong>2<\/strong> (El\u00edas Mangino y Leandro Vignau)<br \/>\nCategor\u00eda 93: <strong>0 \u2013 4<\/strong> (Nicol\u00e1s Ledesma, Agust\u00edn Luna y Braian Seluro 2)<br \/>\nCategor\u00eda 92-91:  <strong>2<\/strong> (Diego Gorosito 2) \u2013 <strong>5 <\/strong>(Bruno Maldonado, Alejandro Vel\u00e1zquez, Mariano Brehinier, Mart\u00edn Romano y Joaqu\u00edn Caironi)<\/p>\n<p><strong>UNION VS. QUILMES<\/strong><br \/>\nCategor\u00eda 99:<strong> 0 \u2013 2<\/strong> (Joaqu\u00edn Dabove y Facundo Narice)<br \/>\nCategor\u00eda 98: <strong>3 <\/strong>(Iv\u00e1n Mercado, Zacar\u00edas Ronanduano y Agust\u00edn Su\u00e1rez) \u2013<strong> 1<\/strong> (Braian Cardozo)<br \/>\nCategor\u00eda 97: <strong>1 <\/strong>(Joel Tust) \u2013 <strong>2 <\/strong>(Sebasti\u00e1n Biaggini y Mat\u00edas Nieves)<br \/>\nCategor\u00eda 96: <strong>0 &#8211; 8<\/strong> (Sasha Coronel, Nicol\u00e1s De Los Santos 3, Franco Den\u00e1pole 2 y Lucas Mollo 2)<br \/>\nCategor\u00eda 95: <strong>0 \u2013 7<\/strong> (Juan Barahona 2, Franco Barraza, Jorge Godoy, Fabrizio Planas 2 y Maximiliano Ramos)<br \/>\nCategor\u00eda 94: <strong>0 \u2013 6<\/strong> (Gustavo L\u00f3pez 5 y Andr\u00e9s Far\u00edas)<\/p>\n","protected":false},"excerpt":{"rendered":"<p>FUTBOL INFANTIL MERCEDES \u201cA\u201d Vs. ATENEO DE LA JUVENTUD<\/p>\n","protected":false},"author":1,"featured_media":0,"comment_status":"open","ping_status":"open","sticky":false,"template":"","format":"standard","meta":{"footnotes":""},"categories":[4],"tags":[],"class_list":["post-455","post","type-post","status-publish","format-standard","hentry","category-informaciongeneral"],"_links":{"self":[{"href":"https:\/\/ligamercedina.com\/web\/wp-json\/wp\/v2\/posts\/455","targetHints":{"allow":["GET"]}}],"collection":[{"href":"https:\/\/ligamercedina.com\/web\/wp-json\/wp\/v2\/posts"}],"about":[{"href":"https:\/\/ligamercedina.com\/web\/wp-json\/wp\/v2\/types\/post"}],"author":[{"embeddable":true,"href":"https:\/\/ligamercedina.com\/web\/wp-json\/wp\/v2\/users\/1"}],"replies":[{"embeddable":true,"href":"https:\/\/ligamercedina.com\/web\/wp-json\/wp\/v2\/comments?post=455"}],"version-history":[{"count":0,"href":"https:\/\/ligamercedina.com\/web\/wp-json\/wp\/v2\/posts\/455\/revisions"}],"wp:attachment":[{"href":"https:\/\/ligamercedina.com\/web\/wp-json\/wp\/v2\/media?parent=455"}],"wp:term":[{"taxonomy":"category","embeddable":true,"href":"https:\/\/ligamercedina.com\/web\/wp-json\/wp\/v2\/categories?post=455"},{"taxonomy":"post_tag","embeddable":true,"href":"https:\/\/ligamercedina.com\/web\/wp-json\/wp\/v2\/tags?post=455"}],"curies":[{"name":"wp","href":"https:\/\/api.w.org\/{rel}","templated":true}]}}