{"id":449,"date":"2008-05-20T00:05:43","date_gmt":"2008-05-20T03:05:43","guid":{"rendered":"https:\/\/ligamercedina.com\/?p=449"},"modified":"2008-05-20T00:05:43","modified_gmt":"2008-05-20T03:05:43","slug":"liga-de-zarate-el-8-de-junio-arrancaria-el-torneo-oficial","status":"publish","type":"post","link":"https:\/\/ligamercedina.com\/web\/liga-de-zarate-el-8-de-junio-arrancaria-el-torneo-oficial\/","title":{"rendered":"Liga de Z\u00e1rate: El 8 de junio arrancar\u00eda el torneo oficial"},"content":{"rendered":"<p><strong>(Fuente: Diario El Debate de Z\u00e1rate)<\/strong><br \/>\nEl Consejo Directivo de la Liga Zarate\u00f1a de F\u00fatbol, se encuentra trabajando en la organizaci\u00f3n del Campeonato Oficial; por eso en las \u00faltimas asambleas extraordinarias, los delegados de los clubes bajaron diferentes temas relacionados al torneo, y llegaron a programar, como fecha tentativa para el inicio de la competencia, el d\u00eda domingo 8 de junio. Si bien esto no fue informado oficialmente, en principio esa ser\u00eda la fecha para que la pelota liguista vuelva a rodar en las canchas de Z\u00e1rate y Lima.<br \/>\nPor otro lado, debemos mencionar que adem\u00e1s del inicio del campeonato, los delegados trataron otros temas importantes relacionados con el torneo. Justamente uno de ellos fue la conformaci\u00f3n de un nuevo Tribunal de Disciplina, aunque no qued\u00f3 totalmente definido. Finalmente debemos decir que el tema de las canchas est\u00e1 avanzado, ya que los clubes que cuentan con sus instalaciones en condiciones, habr\u00eda mostrado una buena predisposici\u00f3n para arreglar la cuesti\u00f3n de los alquileres.<\/p>\n","protected":false},"excerpt":{"rendered":"<p>(Fuente: Diario El Debate de Z\u00e1rate) El Consejo Directivo de la Liga Zarate\u00f1a de F\u00fatbol, se encuentra trabajando en la organizaci\u00f3n del Campeonato Oficial; por eso en las \u00faltimas asambleas extraordinarias, los delegados de los clubes bajaron diferentes temas relacionados al torneo, y llegaron a programar, como fecha tentativa para el inicio de la competencia, el d\u00eda domingo 8 de<\/p>\n","protected":false},"author":1,"featured_media":0,"comment_status":"open","ping_status":"open","sticky":false,"template":"","format":"standard","meta":{"footnotes":""},"categories":[4],"tags":[],"class_list":["post-449","post","type-post","status-publish","format-standard","hentry","category-informaciongeneral"],"_links":{"self":[{"href":"https:\/\/ligamercedina.com\/web\/wp-json\/wp\/v2\/posts\/449","targetHints":{"allow":["GET"]}}],"collection":[{"href":"https:\/\/ligamercedina.com\/web\/wp-json\/wp\/v2\/posts"}],"about":[{"href":"https:\/\/ligamercedina.com\/web\/wp-json\/wp\/v2\/types\/post"}],"author":[{"embeddable":true,"href":"https:\/\/ligamercedina.com\/web\/wp-json\/wp\/v2\/users\/1"}],"replies":[{"embeddable":true,"href":"https:\/\/ligamercedina.com\/web\/wp-json\/wp\/v2\/comments?post=449"}],"version-history":[{"count":0,"href":"https:\/\/ligamercedina.com\/web\/wp-json\/wp\/v2\/posts\/449\/revisions"}],"wp:attachment":[{"href":"https:\/\/ligamercedina.com\/web\/wp-json\/wp\/v2\/media?parent=449"}],"wp:term":[{"taxonomy":"category","embeddable":true,"href":"https:\/\/ligamercedina.com\/web\/wp-json\/wp\/v2\/categories?post=449"},{"taxonomy":"post_tag","embeddable":true,"href":"https:\/\/ligamercedina.com\/web\/wp-json\/wp\/v2\/tags?post=449"}],"curies":[{"name":"wp","href":"https:\/\/api.w.org\/{rel}","templated":true}]}}