{"id":446,"date":"2008-05-17T18:26:09","date_gmt":"2008-05-17T21:26:09","guid":{"rendered":"https:\/\/ligamercedina.com\/?p=446"},"modified":"2008-05-17T18:26:09","modified_gmt":"2008-05-17T21:26:09","slug":"resultados-del-sabado-5","status":"publish","type":"post","link":"https:\/\/ligamercedina.com\/web\/resultados-del-sabado-5\/","title":{"rendered":"TODA LA FECHA DE PRIMERA"},"content":{"rendered":"<p><a href=\"https:\/\/ligamercedina.com\/?page_id=12\">POSICIONES DE PRIMERA DIVISION<\/a><\/p>\n<p><a href=\"https:\/\/ligamercedina.com\/?page_id=68\">GOLEADORES DE PRIMERA DIVISION<\/a><\/p>\n<p><strong>PALOMETAS -1-:<\/strong> <!--more--><br \/>\nJos\u00e9 Ventura, Germ\u00e1n Stopiello, Eduardo Libares, Facundo Quiroga, Mart\u00edn Pastor, Nicol\u00e1s Ramponi, Rosendo Regueiro, Nahuel Santana, Mat\u00edas Silea, Rodrigo Berm\u00fadez y Alejandro Huici. <strong>DT:<\/strong> Diego Silvestre. <strong>Suplentes:<\/strong> Federico ramponi y Mariano Pueblas.<\/p>\n<p><strong>ESTUDIANTES -0-: <\/strong><br \/>\nNicol\u00e1s Borrasca, Patricio ravassa, Mart\u00edn Colotta, Maximiliano Lobos, Lucas Basualdo, Nicol\u00e1s Nava, Leonardo Carabajal, Leandro Vitta, Daniel Ortiz, Gast\u00f3n Godoy y Joaqu\u00edn Villa. <strong>DT:<\/strong> Rodolfo Parra. <strong>Suplentes:<\/strong> Tom\u00e1s Borrasca, Jer\u00f3nimo Luna y Federico Bassi.<\/p>\n<p><strong>GOLES: <\/strong> 29\u2019  Figueredo .<br \/>\n<strong>CAMBIOS: En Palometas: <\/strong>Mariano Anido,  Diego Figueredo y Sebasti\u00e1n Su\u00e1rez por  Berm\u00fadez,  Huici y  Regueiro. <strong>En Estudiantes: <\/strong>Federico Mariella y Rodrigo Dematey por  Vitta y  Basualdo.<br \/>\n<strong>ARBITRO:<\/strong> Diego Bobadilla (SADRA).<\/p>\n<p>_________________________________________________________________________________<\/p>\n<p><strong>CLUB MERCEDES  -7-<\/strong><br \/>\nRamiro Herrera, Mart\u00edn Blanco, Franco Pertosi, Mart\u00edn Larumbe, Cristian Cabrera, Solano Espil, Leonardo Bernasconi, Gustavo Medone, Gabino Regueiro, Mauro Cestari, Sim\u00f3n Fern\u00e1ndez. <strong>DT:<\/strong> Jorge Morales. <strong>Suplentes: <\/strong> Luciano Pisoni y Mat\u00edas Marinelli<\/p>\n<p><strong>UNION de M. PAZ   -1-<\/strong><br \/>\nEmiliano Flores, Jonatan Castillo, Eduardo Franco, Hern\u00e1n R\u00edos, Carlos Gonz\u00e1lez, Daniel Franco, Santiago Aquino, Nicol\u00e1s Larraburu, Mat\u00edas Mart\u00ednez, Adri\u00e1n Olivares y Jos\u00e9 Ferreyra. <strong>DT:<\/strong> Daniel Mart\u00ednez<\/p>\n<p><strong>GOLES:<\/strong> Para Mercedes Fern\u00e1ndez (3), Espil (2), M. Larumbe y F. Larumbe. Para Uni\u00f3n: Mart\u00ednez<br \/>\n<strong>CAMBIOS: En Mercedes: <\/strong>Francisco Larumbe, Camilo Fiorelli y Leandro Schiavi por Espil, Medone y Cabrera. <strong>En Uni\u00f3n: <\/strong>Guillermo Fr\u00edas por R\u00edos.<br \/>\n<strong>INCIDENCIAS:<\/strong> ST Herrera (M) le desvi\u00f3 un penal a Ferreyra.<br \/>\n<strong>ARBITRO: <\/strong>Javier Mihura<br \/>\n____________________________________________________________________________<\/p>\n<p><strong>ATENEO -1-<\/strong>Gonzalo Lab\u00edn, Facundo C\u00f3rdoba, Ezequiel Fleyta, Alfredo Borelli, Mariano Villone, Roberto Toloza, Gustavo Mi\u00f1o, Marcos Lubatti, Pablo Su\u00e1rez, Marcelo Geneiro y Sebasti\u00e1n Avelar. <strong>DT:<\/strong> Gustavo Cestari. <strong>Suplentes: <\/strong>Manuel Palacios, Francisco Basualdo y Paulo Lescano.<\/p>\n<p><strong>SAN JOSE -1-<\/strong>Jorge Bartolomeo, Miguel Lucero, Diego Miranda, N\u00e9stor Vacotti, Esteban Locampo, Gustavo Orellano, Jes\u00fas Enr\u00edquez, Rodrigo Mart\u00ednez, Juan C. Albornoz, Gustavo Quiroga y Luis Chaparro. <strong>DT:<\/strong> Juan Albornoz.  <strong>Suplentes: <\/strong>Sergio Vera y Gonzalo Segovia.<\/p>\n<p><strong>GOLES: <\/strong>ST 28\u2019 Corrado (A) de penal. 41\u2019Boragno (SJ)-<br \/>\n<strong>INCIDENCIAS:<\/strong> ST Expulsados 29\u2019 Lucero (SJ) y 44\u2019 Boragno (SJ)<br \/>\n<strong>ARBITRO: <\/strong>Jos\u00e9 Guti\u00e9rrez<br \/>\n____________________________________________________________________________<\/p>\n<p><strong>QUILMES -0-<\/strong>Maximiliano Gim\u00e9nez, Cesar Douat, Maximiliano Romero, Marcelo Carpanetto, Juan Romero, Pablo De los Santos, Claudio Pollero, Jorge Montenegro, Cristian Sandoval, Franco P\u00e9rez y Mat\u00edas Fern\u00e1ndez. <strong>DT: <\/strong>Miguel L\u00f3pez. <strong>Suplentes: <\/strong>Ricardo Ag\u00fcero y Alejandro Briscioli.<\/p>\n<p><strong>COMUNICACIONES -1-<\/strong><br \/>\nPablo Pais, Sebasti\u00e1n Olivieri, Sebasti\u00e1n Santa Cruz, Diego Caprioli, Mart\u00edn Errequet, Patricio Uncal, Nicol\u00e1s Laurino, Carlos Pacheco, Jos\u00e9 Do\u00f1agueda, Diego Mart\u00ednez y Ramiro Verrua. <strong>DT: <\/strong>Julio Do\u00f1agueda \u2013 Jos\u00e9 Crocci. <strong>Suplentes: <\/strong>Andr\u00e9s Mansilla y Diego Galeano.<\/p>\n<p><strong>GOL:<\/strong> PT 24\u2019 Verrua (C).<br \/>\n<strong>CAMBIOS: En Quilmes: <\/strong>Alejandro Carreras, Leonardo Tuyarot y Jonatan L\u00f3pez por Pollero, Montenegro y De los Santos. <strong>En Comunicaciones: <\/strong>Roberto Araya, Mat\u00edas Cassou y Mauricio Castro por Laurino, Errequet y Mart\u00ednez.<br \/>\n<strong>ARBITRO: <\/strong>Fabi\u00e1n Romero<br \/>\n________________________________________________________________________<\/p>\n<p><strong>JUVENTUD -3-<\/strong><br \/>\nSergio Mayor, Mart\u00edn Carretto, Cristian Ullua, Roberto Melo, Jes\u00fas Latorre, Esteban Stellizano, Neri Boqu\u00edn, Pedro C\u00f3caro, Osvaldo Latorre, Diego Gallardo y Luis Lawler. <strong>DT: <\/strong>Miguel Aranda. <strong>Suplentes:<\/strong> Alberto Peralta, Juan Baldovino y Ezequiel Garc\u00eda.<\/p>\n<p><strong>VELEZ SARSFIELD -2-<\/strong><br \/>\nNahuel Silva, Pablo Hern\u00e1ndez, Fausto Can\u00e9, Jorge Quevedo, Luis Wimbay, Jorge Valicenti, Angel Cuello, Alejandro Chaparro, Julio Mart\u00ednez, Gustavo B\u00edsforo y Mart\u00edn Losauro. <strong>DT:<\/strong> David Avila. <strong>Suplentes: <\/strong>Mariano Bordieu y Juan Gim\u00e9nez.<\/p>\n<p><strong>GOLES: <\/strong>J. Latorre -2- y O. Latorre (J). Cuello -2- (V).<br \/>\n<strong>CAMBIOS: En Juventud:<\/strong> Federico Clarac y Adri\u00e1n Mar\u00fa por Boqu\u00edn y C\u00f3caro. <strong>En V\u00e9lez:<\/strong> Alejandro Lescano y Eduardo Alfonso por Losauro y Chaparro.<br \/>\n<strong>ARBITRO:<\/strong> Santiago Ascenzi<br \/>\n___________________________________________________________________________<\/p>\n<p><strong>CRUZADOS FC -3-<\/strong>Daniel Buzzi, Gustavo Morales, Rub\u00e9n Ferreyra, Joaqu\u00edn Montes, Jonatan Quintana, Jorge Quiroga, Lucas Ver\u00f3n, Gast\u00f3n Mollo, Flavio Fern\u00e1ndez, Mario Morales y Mart\u00edn Ag\u00fcero. <strong>DT:<\/strong> Osvaldo Pinilla. <strong>Suplente:<\/strong> Cristian Schiro<\/p>\n<p><strong>PABELLON ARGENTINO -0-<\/strong>Juan Mezzadra, N\u00e9stor Vasallo, Andr\u00e9s Lameiro, Agust\u00edn Fern\u00e1ndez, Nahuel Copia, Mart\u00edn Vilas, Maximiliano Cahu\u00e9, Hern\u00e1n Leguina, Juan Roizenblat, Mauro Vigliarolo y David Quiroz. <strong>DT: <\/strong>Miguel Mezzadra. <strong>Suplentes: <\/strong>Jos\u00e9 Mezzadra, Mart\u00edn Indart y Ra\u00fal Hourquebie.<\/p>\n<p><strong>GOLES:<\/strong> Ferreyra, Ver\u00f3n y Ag\u00fcero.<br \/>\n<strong>CAMBIOS: En Cruzados:<\/strong> Diego Montenegro, Roberto Pardo y Juan Quiroga por Mollo, Fern\u00e1ndez y Quintana. <strong>En Pabell\u00f3n: <\/strong>Juan Barandari\u00e1n y Mart\u00edn Cigna por Roizenblat y Vasallo.<br \/>\n<strong>INCIDENCIAS:<\/strong> ST 20\u2019 Expulsado Copia (P).<\/p>\n","protected":false},"excerpt":{"rendered":"<p>POSICIONES DE PRIMERA DIVISION GOLEADORES DE PRIMERA DIVISION PALOMETAS -1-:<\/p>\n","protected":false},"author":1,"featured_media":0,"comment_status":"open","ping_status":"open","sticky":false,"template":"","format":"standard","meta":{"footnotes":""},"categories":[4],"tags":[],"class_list":["post-446","post","type-post","status-publish","format-standard","hentry","category-informaciongeneral"],"_links":{"self":[{"href":"https:\/\/ligamercedina.com\/web\/wp-json\/wp\/v2\/posts\/446","targetHints":{"allow":["GET"]}}],"collection":[{"href":"https:\/\/ligamercedina.com\/web\/wp-json\/wp\/v2\/posts"}],"about":[{"href":"https:\/\/ligamercedina.com\/web\/wp-json\/wp\/v2\/types\/post"}],"author":[{"embeddable":true,"href":"https:\/\/ligamercedina.com\/web\/wp-json\/wp\/v2\/users\/1"}],"replies":[{"embeddable":true,"href":"https:\/\/ligamercedina.com\/web\/wp-json\/wp\/v2\/comments?post=446"}],"version-history":[{"count":0,"href":"https:\/\/ligamercedina.com\/web\/wp-json\/wp\/v2\/posts\/446\/revisions"}],"wp:attachment":[{"href":"https:\/\/ligamercedina.com\/web\/wp-json\/wp\/v2\/media?parent=446"}],"wp:term":[{"taxonomy":"category","embeddable":true,"href":"https:\/\/ligamercedina.com\/web\/wp-json\/wp\/v2\/categories?post=446"},{"taxonomy":"post_tag","embeddable":true,"href":"https:\/\/ligamercedina.com\/web\/wp-json\/wp\/v2\/tags?post=446"}],"curies":[{"name":"wp","href":"https:\/\/api.w.org\/{rel}","templated":true}]}}