{"id":4454,"date":"2010-09-09T23:57:20","date_gmt":"2010-09-10T02:57:20","guid":{"rendered":"https:\/\/ligamercedina.com\/?p=4454"},"modified":"2010-09-09T23:57:20","modified_gmt":"2010-09-10T02:57:20","slug":"torneo-de-sub-17-asi-se-van-definiendo-las-zonas","status":"publish","type":"post","link":"https:\/\/ligamercedina.com\/web\/torneo-de-sub-17-asi-se-van-definiendo-las-zonas\/","title":{"rendered":"TORNEO DE SUB 17: ASI SE VAN DEFINIENDO LAS ZONAS"},"content":{"rendered":"<ul>\n<strong>ZONA \u00abA\u00bb<\/strong><\/ul>\n<p><strong>SALTO: -0-<br \/>\nJUNIN: -4-;<\/strong> Nicol\u00e1s Acervo, Lucas Del Papa (2), Gaspar Garc\u00eda<\/p>\n<p><em><strong>Posiciones:<\/strong><\/em> Jun\u00edn 12 (clas), Salto 6, Rojas y Arenales 3<br \/>\n<em><strong>Pr\u00f3xima Fecha:<\/strong><\/em> Jun\u00edn Vs. Arenales y Roja Vs. Salto<\/p>\n<ul>\n<strong>ZONA \u00abB\u00bb<\/strong><\/ul>\n<p><strong>SAN NICOL\u00c1S: -0-<\/strong><br \/>\n<strong>SAN PEDRO: -2-;<\/strong> Paulo Paz y Franco Boaglio<\/p>\n<p><em><strong>Posiciones:<\/strong><\/em> San Pedro 7 (clas), San Nicol\u00e1s 4 y Pergamino 0<br \/>\n<em><strong>Pr\u00f3xima Fecha:<\/strong><\/em> San Pedro Vs. Pergamino<\/p>\n<ul>\n<strong>ZONA \u00abC\u00bb<\/strong><\/ul>\n<p><strong>CHACABUCO: -3-;<\/strong> Thom\u00e1s Frontera, Ignacio L\u00f3pez, David Rojas<br \/>\n<strong>BRAGADO: -1-;<\/strong> Fabrizio Ramos<\/p>\n<p><em><strong>Posiciones:<\/strong><\/em> Chivilcoy 7 (clas), Chacabuco 5 (clas)y Bragado 1<br \/>\n<em><strong>Pr\u00f3xima Fecha:<\/strong><\/em> -ultima- Chivilcoy Vs. Bragado<\/p>\n","protected":false},"excerpt":{"rendered":"<p>ZONA \u00abA\u00bb SALTO: -0- JUNIN: -4-; Nicol\u00e1s Acervo, Lucas Del Papa (2), Gaspar Garc\u00eda Posiciones: Jun\u00edn 12 (clas), Salto 6, Rojas y Arenales 3 Pr\u00f3xima Fecha: Jun\u00edn Vs. Arenales y Roja Vs. Salto ZONA \u00abB\u00bb SAN NICOL\u00c1S: -0- SAN PEDRO: -2-; Paulo Paz y Franco Boaglio Posiciones: San Pedro 7 (clas), San Nicol\u00e1s 4 y Pergamino 0 Pr\u00f3xima Fecha: San<\/p>\n","protected":false},"author":1,"featured_media":0,"comment_status":"open","ping_status":"open","sticky":false,"template":"","format":"standard","meta":{"footnotes":""},"categories":[4],"tags":[],"class_list":["post-4454","post","type-post","status-publish","format-standard","hentry","category-informaciongeneral"],"_links":{"self":[{"href":"https:\/\/ligamercedina.com\/web\/wp-json\/wp\/v2\/posts\/4454","targetHints":{"allow":["GET"]}}],"collection":[{"href":"https:\/\/ligamercedina.com\/web\/wp-json\/wp\/v2\/posts"}],"about":[{"href":"https:\/\/ligamercedina.com\/web\/wp-json\/wp\/v2\/types\/post"}],"author":[{"embeddable":true,"href":"https:\/\/ligamercedina.com\/web\/wp-json\/wp\/v2\/users\/1"}],"replies":[{"embeddable":true,"href":"https:\/\/ligamercedina.com\/web\/wp-json\/wp\/v2\/comments?post=4454"}],"version-history":[{"count":3,"href":"https:\/\/ligamercedina.com\/web\/wp-json\/wp\/v2\/posts\/4454\/revisions"}],"predecessor-version":[{"id":14067,"href":"https:\/\/ligamercedina.com\/web\/wp-json\/wp\/v2\/posts\/4454\/revisions\/14067"}],"wp:attachment":[{"href":"https:\/\/ligamercedina.com\/web\/wp-json\/wp\/v2\/media?parent=4454"}],"wp:term":[{"taxonomy":"category","embeddable":true,"href":"https:\/\/ligamercedina.com\/web\/wp-json\/wp\/v2\/categories?post=4454"},{"taxonomy":"post_tag","embeddable":true,"href":"https:\/\/ligamercedina.com\/web\/wp-json\/wp\/v2\/tags?post=4454"}],"curies":[{"name":"wp","href":"https:\/\/api.w.org\/{rel}","templated":true}]}}