{"id":4423,"date":"2010-09-04T14:44:31","date_gmt":"2010-09-04T17:44:31","guid":{"rendered":"https:\/\/ligamercedina.com\/?p=4423"},"modified":"2010-09-04T14:44:31","modified_gmt":"2010-09-04T17:44:31","slug":"la-seleccion-sub-17-juega-el-martes-a-las-21","status":"publish","type":"post","link":"https:\/\/ligamercedina.com\/web\/la-seleccion-sub-17-juega-el-martes-a-las-21\/","title":{"rendered":"LA SELECCION SUB 17 JUEGA EL MARTES A LAS 21 HORAS EN SAN ANTONIO DE ARECO"},"content":{"rendered":"<blockquote><p><strong>S\u00e1bado 4 de septiembre, 2:43 pm.<\/p>\n<p>Hace minutos, en la localidad de San Antonio de Areco, donde se desarrolla una reuni\u00f3n de dirigentes de la Federaci\u00f3n Norte de F\u00fatbol qued\u00f3 confirmado que el partido postergado entre las selecciones de San Antonio de Areco y Mercedes se disputar\u00e1 el pr\u00f3ximo martes a partir de las 21 horas<\/strong><\/p><\/blockquote>\n","protected":false},"excerpt":{"rendered":"<p>S\u00e1bado 4 de septiembre, 2:43 pm. Hace minutos, en la localidad de San Antonio de Areco, donde se desarrolla una reuni\u00f3n de dirigentes de la Federaci\u00f3n Norte de F\u00fatbol qued\u00f3 confirmado que el partido postergado entre las selecciones de San Antonio de Areco y Mercedes se disputar\u00e1 el pr\u00f3ximo martes a partir de las 21 horas<\/p>\n","protected":false},"author":1,"featured_media":0,"comment_status":"open","ping_status":"open","sticky":false,"template":"","format":"standard","meta":{"footnotes":""},"categories":[4],"tags":[],"class_list":["post-4423","post","type-post","status-publish","format-standard","hentry","category-informaciongeneral"],"_links":{"self":[{"href":"https:\/\/ligamercedina.com\/web\/wp-json\/wp\/v2\/posts\/4423","targetHints":{"allow":["GET"]}}],"collection":[{"href":"https:\/\/ligamercedina.com\/web\/wp-json\/wp\/v2\/posts"}],"about":[{"href":"https:\/\/ligamercedina.com\/web\/wp-json\/wp\/v2\/types\/post"}],"author":[{"embeddable":true,"href":"https:\/\/ligamercedina.com\/web\/wp-json\/wp\/v2\/users\/1"}],"replies":[{"embeddable":true,"href":"https:\/\/ligamercedina.com\/web\/wp-json\/wp\/v2\/comments?post=4423"}],"version-history":[{"count":1,"href":"https:\/\/ligamercedina.com\/web\/wp-json\/wp\/v2\/posts\/4423\/revisions"}],"predecessor-version":[{"id":4425,"href":"https:\/\/ligamercedina.com\/web\/wp-json\/wp\/v2\/posts\/4423\/revisions\/4425"}],"wp:attachment":[{"href":"https:\/\/ligamercedina.com\/web\/wp-json\/wp\/v2\/media?parent=4423"}],"wp:term":[{"taxonomy":"category","embeddable":true,"href":"https:\/\/ligamercedina.com\/web\/wp-json\/wp\/v2\/categories?post=4423"},{"taxonomy":"post_tag","embeddable":true,"href":"https:\/\/ligamercedina.com\/web\/wp-json\/wp\/v2\/tags?post=4423"}],"curies":[{"name":"wp","href":"https:\/\/api.w.org\/{rel}","templated":true}]}}