{"id":4378,"date":"2010-09-02T14:02:46","date_gmt":"2010-09-02T17:02:46","guid":{"rendered":"https:\/\/ligamercedina.com\/?p=4378"},"modified":"2010-09-02T14:02:46","modified_gmt":"2010-09-02T17:02:46","slug":"nueva-suspension-del-sub-17","status":"publish","type":"post","link":"https:\/\/ligamercedina.com\/web\/nueva-suspension-del-sub-17\/","title":{"rendered":"NUEVA SUSPENSION DEL SUB 17"},"content":{"rendered":"<blockquote><p><strong>Pasado el mediod\u00eda de hoy, se confirm\u00f3 la suspensi\u00f3n del partido entre las selecciones de San Antonio de Areco y Mercedes.<br \/>\nEn principio, el partido se disputar\u00eca el pr\u00f3ximo lunes, aunque resta la confirmaci\u00f3n<\/strong><\/p><\/blockquote>\n","protected":false},"excerpt":{"rendered":"<p>Pasado el mediod\u00eda de hoy, se confirm\u00f3 la suspensi\u00f3n del partido entre las selecciones de San Antonio de Areco y Mercedes. En principio, el partido se disputar\u00eca el pr\u00f3ximo lunes, aunque resta la confirmaci\u00f3n<\/p>\n","protected":false},"author":1,"featured_media":0,"comment_status":"open","ping_status":"open","sticky":false,"template":"","format":"standard","meta":{"footnotes":""},"categories":[4],"tags":[],"class_list":["post-4378","post","type-post","status-publish","format-standard","hentry","category-informaciongeneral"],"_links":{"self":[{"href":"https:\/\/ligamercedina.com\/web\/wp-json\/wp\/v2\/posts\/4378","targetHints":{"allow":["GET"]}}],"collection":[{"href":"https:\/\/ligamercedina.com\/web\/wp-json\/wp\/v2\/posts"}],"about":[{"href":"https:\/\/ligamercedina.com\/web\/wp-json\/wp\/v2\/types\/post"}],"author":[{"embeddable":true,"href":"https:\/\/ligamercedina.com\/web\/wp-json\/wp\/v2\/users\/1"}],"replies":[{"embeddable":true,"href":"https:\/\/ligamercedina.com\/web\/wp-json\/wp\/v2\/comments?post=4378"}],"version-history":[{"count":3,"href":"https:\/\/ligamercedina.com\/web\/wp-json\/wp\/v2\/posts\/4378\/revisions"}],"predecessor-version":[{"id":14063,"href":"https:\/\/ligamercedina.com\/web\/wp-json\/wp\/v2\/posts\/4378\/revisions\/14063"}],"wp:attachment":[{"href":"https:\/\/ligamercedina.com\/web\/wp-json\/wp\/v2\/media?parent=4378"}],"wp:term":[{"taxonomy":"category","embeddable":true,"href":"https:\/\/ligamercedina.com\/web\/wp-json\/wp\/v2\/categories?post=4378"},{"taxonomy":"post_tag","embeddable":true,"href":"https:\/\/ligamercedina.com\/web\/wp-json\/wp\/v2\/tags?post=4378"}],"curies":[{"name":"wp","href":"https:\/\/api.w.org\/{rel}","templated":true}]}}