{"id":430,"date":"2008-05-06T14:55:52","date_gmt":"2008-05-06T17:55:52","guid":{"rendered":"https:\/\/ligamercedina.com\/?p=430"},"modified":"2008-05-06T14:55:52","modified_gmt":"2008-05-06T17:55:52","slug":"solo-habra-actividad-en-primera-division","status":"publish","type":"post","link":"https:\/\/ligamercedina.com\/web\/solo-habra-actividad-en-primera-division\/","title":{"rendered":"SOLO HABRA ACTIVIDAD EN PRIMERA DIVISION"},"content":{"rendered":"<p>En la noche del lunes los dirigentes de la Liga mantuvieron un encuentro con representantes de las diferentes instituciones afiliadas, donde finalmente se acord\u00f3 que el pr\u00f3ximo fin de semana solo habr\u00e1 actividad por el torneo de Primera Divisi\u00f3n.<br \/>\nLos horarios de los encuentros son los siguientes:<!--more--><\/p>\n<p><strong>SABADO<\/strong><br \/>\n12 hs. Ateneo de la Juventud Vs. Cruzados F\u00fatbol Club<br \/>\n14 hs. Pabell\u00f3n Argentino de M. Paz Vs. Los Palometas<br \/>\n16 hs. Comunicaciones Vs. Juventud de Suipacha<\/p>\n<p><strong>DOMINGO<\/strong><br \/>\n12 hs. San Jos\u00e9 Vs. Uni\u00f3n de Marcos Paz<br \/>\n14 hs. V\u00e9lez Sarsfield Vs. Club Mercedes<br \/>\n16 hs. Estudiantes Vs. Quilmes<\/p>\n","protected":false},"excerpt":{"rendered":"<p>En la noche del lunes los dirigentes de la Liga mantuvieron un encuentro con representantes de las diferentes instituciones afiliadas, donde finalmente se acord\u00f3 que el pr\u00f3ximo fin de semana solo habr\u00e1 actividad por el torneo de Primera Divisi\u00f3n. Los horarios de los encuentros son los siguientes:<\/p>\n","protected":false},"author":1,"featured_media":0,"comment_status":"open","ping_status":"open","sticky":false,"template":"","format":"standard","meta":{"footnotes":""},"categories":[4],"tags":[],"class_list":["post-430","post","type-post","status-publish","format-standard","hentry","category-informaciongeneral"],"_links":{"self":[{"href":"https:\/\/ligamercedina.com\/web\/wp-json\/wp\/v2\/posts\/430","targetHints":{"allow":["GET"]}}],"collection":[{"href":"https:\/\/ligamercedina.com\/web\/wp-json\/wp\/v2\/posts"}],"about":[{"href":"https:\/\/ligamercedina.com\/web\/wp-json\/wp\/v2\/types\/post"}],"author":[{"embeddable":true,"href":"https:\/\/ligamercedina.com\/web\/wp-json\/wp\/v2\/users\/1"}],"replies":[{"embeddable":true,"href":"https:\/\/ligamercedina.com\/web\/wp-json\/wp\/v2\/comments?post=430"}],"version-history":[{"count":0,"href":"https:\/\/ligamercedina.com\/web\/wp-json\/wp\/v2\/posts\/430\/revisions"}],"wp:attachment":[{"href":"https:\/\/ligamercedina.com\/web\/wp-json\/wp\/v2\/media?parent=430"}],"wp:term":[{"taxonomy":"category","embeddable":true,"href":"https:\/\/ligamercedina.com\/web\/wp-json\/wp\/v2\/categories?post=430"},{"taxonomy":"post_tag","embeddable":true,"href":"https:\/\/ligamercedina.com\/web\/wp-json\/wp\/v2\/tags?post=430"}],"curies":[{"name":"wp","href":"https:\/\/api.w.org\/{rel}","templated":true}]}}