{"id":427,"date":"2008-05-01T18:43:03","date_gmt":"2008-05-01T21:43:03","guid":{"rendered":"https:\/\/ligamercedina.com\/?p=427"},"modified":"2008-05-01T18:43:03","modified_gmt":"2008-05-01T21:43:03","slug":"1-de-mayo-triunfos-de-palometas-cruzados-fc-y-club-mercedes","status":"publish","type":"post","link":"https:\/\/ligamercedina.com\/web\/1-de-mayo-triunfos-de-palometas-cruzados-fc-y-club-mercedes\/","title":{"rendered":"1\u00b0 DE MAYO: TRIUNFOS DE PALOMETAS, CRUZADOS FC Y CLUB MERCEDES"},"content":{"rendered":"<p>Se jugaron esta tarde tres partidos correspondientes al certamen mayor de la Liga, donde se registraron los siguientes resultados:<!--more--><\/p>\n<p><strong>PALOMETAS  -2-<\/strong><br \/>\nJos\u00e9 Ventura, Nicol\u00e1s Ramponi, Eduardo Libares, Facundo Quiroga, Mart\u00edn Pastor, Cesar Figueredo, Rosendo Regueiro, Sebasti\u00e1n Su\u00e1rez, Diego Figueredo, Rodrigo Berm\u00fadez, Mariano Anido. <strong>DT:<\/strong> Diego Silvestre. <strong>Suplentes: <\/strong>Nicol\u00e1s Rojas y Federico Flores Arce<\/p>\n<p><strong>ATENEO  -0-<\/strong><br \/>\nGonzalo Lab\u00edn, Facundo C\u00f3rdoba, Federico Rijavec, Gonzalo Alzugaray, Mariano Villone, H\u00e9ctor Robira, Marcos Lubatti, Lucas Trovalessi, Sergio P\u00e9rez, Walter Zgraggen y Gustavo Mi\u00f1o. <strong>DT:<\/strong> Gustavo Cestari. <strong>Suplentes:<\/strong> Jonatan Godoy, Jonatan Linares y Hern\u00e1n Morales<\/p>\n<p><strong>GOLES: <\/strong>PT 31\u2019 Anido. ST 35\u2019 Pastor<br \/>\n<strong>CAMBIOS: En Palometas: <\/strong>Mariano Pueblas, Ezequiel De Rosas y Guido Tokashiki por Su\u00e1rez, D. Figueredo y Anido. <strong>En Ateneo: <\/strong>Francisco Basualdo, Paulo Lescano y Sebasti\u00e1n Avelar por Zgraggen, Lubatti y Mi\u00f1o.<br \/>\n<strong>ARBITRO:<\/strong> Oscar Ruaro (SADRA)<\/p>\n<p>&#8212;&#8212;&#8212;&#8212;&#8212;&#8212;&#8212;&#8212;&#8212;&#8212;&#8212;&#8212;&#8212;&#8212;&#8212;&#8212;&#8212;&#8212;&#8212;&#8212;&#8212;&#8212;&#8212;&#8212;&#8212;&#8212;&#8212;&#8212;&#8212;&#8212;&#8212;&#8212;&#8212;&#8212;&#8212;&#8212;&#8212;&#8212;&#8212;&#8212;<\/p>\n<p><strong>CRUZADOS FC  -3-<\/strong>Daniel Buzzi, Gustavo Morales, Joaqu\u00edn Montes, Sebasti\u00e1n Quintana, Rodolfo Ferreyra, Jorge Quiroga, Lucas Ver\u00f3n, Gast\u00f3n Mollo, Flavio Fern\u00e1ndez, Mario Morales y Armando Cabrera. <strong>DT: <\/strong>Osvaldo Pinilla. <strong>Suplentes:<\/strong> Mariano Blanco y Cristian Schiro.<\/p>\n<p><strong>SAN JOSE -0-<\/strong>Jorge Bartolomeo, Juan Carlos Albornoz, Diego Miranda, Mat\u00edas Peroncini, Esteban Locampo, Mat\u00edas Pierucci, Luis Chaparro, Rodolfo Mart\u00ednez, Ezequiel Maidana, Sergio Vera y Miguel Morales. <strong>DT:<\/strong> Juan Albornoz. <strong>Suplentes:<\/strong> N\u00e9stor Baccotti y Hern\u00e1n Capello.<\/p>\n<p><strong>GOLES: <\/strong>PT 4\u2019 Fern\u00e1ndez. ST 32\u2019 Fern\u00e1ndez y 42\u2019 Pardo.<br \/>\n<strong>CAMBIOS: En Cruzados:<\/strong> Jonatan Quintana, Roberto Pardo y Mart\u00edn Ag\u00fcero por Cabrera, Fern\u00e1ndez y Ferreyra. <strong>En San Jos\u00e9: <\/strong>Alexis De Vega, Gustavo Vargas y Antonio Auba\u00edn por Locampo, Vera y Morales.<br \/>\n<strong>ARBITRO:<\/strong> Lucio Rodr\u00edguez.<br \/>\n&#8212;&#8212;&#8212;&#8212;&#8212;&#8212;&#8212;&#8212;&#8212;&#8212;&#8212;&#8212;&#8212;&#8212;&#8212;&#8212;&#8212;&#8212;&#8212;&#8212;&#8212;&#8212;&#8212;&#8212;&#8212;&#8212;&#8212;&#8212;&#8212;&#8212;&#8212;&#8212;&#8212;&#8212;&#8212;&#8212;&#8212;&#8212;-<\/p>\n<p><strong>CLUB MERCEDES  -3-<\/strong><br \/>\nRamiro Herrera, Mart\u00edn Larumbe, Carlos Cousse, Agust\u00edn Juanicotena, Cristian Cabrera, Franco Pertosi, Gabino Regueiro, Gustavo Medone, Mario Alday, Ignacio Igoldi y Javier Casado. <strong>DT: <\/strong>Jorge Morales. <strong>Suplentes: <\/strong>Luciano Pisoni y Mat\u00edas Marinelli.<\/p>\n<p><strong>COMUNICACIONES -1-<\/strong>Pablo Pais, Sebasti\u00e1n Olivieri, Diego Caprioli, Sebasti\u00e1n Santa Cruz, Mart\u00edn Errequet, Luciano Burgos, Mat\u00edas Cassou, Carlos Pacheco, Jos\u00e9 Do\u00f1agueda, Diego Mart\u00ednez y Roberto Araya. <strong>DT: <\/strong>Crocci \u2013 Do\u00f1agueda. <strong>Suplentes:<\/strong> Patricio Uncal y Gustavo Zacagnino.<\/p>\n<p><strong>GOLES: <\/strong>PT 15\u2019 Casado (M). 16\u2019 Pacheco (C) y 30\u2019 Alday (M). ST 21\u2019 Alday (M).<br \/>\n<strong>CAMBIOS: En Mercedes: <\/strong>Camilo Fiorelli, Mauro Cestari y Solano Espil por Igoldi, Casado y Regueiro. <strong>En: Comunicaciones: <\/strong>Claudio Delgado, Isa\u00edas Garc\u00eda y Ezequiel Russo por Pacheco, Araya y Mart\u00ednez.<br \/>\n<strong>INCIDENCIAS:<\/strong> ST 14\u2019 Expulsado Juanicotena (M).<br \/>\n<strong>ARBITRO:<\/strong> Javier Mihura (h)<\/p>\n","protected":false},"excerpt":{"rendered":"<p>Se jugaron esta tarde tres partidos correspondientes al certamen mayor de la Liga, donde se registraron los siguientes resultados:<\/p>\n","protected":false},"author":1,"featured_media":0,"comment_status":"open","ping_status":"open","sticky":false,"template":"","format":"standard","meta":{"footnotes":""},"categories":[4],"tags":[],"class_list":["post-427","post","type-post","status-publish","format-standard","hentry","category-informaciongeneral"],"_links":{"self":[{"href":"https:\/\/ligamercedina.com\/web\/wp-json\/wp\/v2\/posts\/427","targetHints":{"allow":["GET"]}}],"collection":[{"href":"https:\/\/ligamercedina.com\/web\/wp-json\/wp\/v2\/posts"}],"about":[{"href":"https:\/\/ligamercedina.com\/web\/wp-json\/wp\/v2\/types\/post"}],"author":[{"embeddable":true,"href":"https:\/\/ligamercedina.com\/web\/wp-json\/wp\/v2\/users\/1"}],"replies":[{"embeddable":true,"href":"https:\/\/ligamercedina.com\/web\/wp-json\/wp\/v2\/comments?post=427"}],"version-history":[{"count":0,"href":"https:\/\/ligamercedina.com\/web\/wp-json\/wp\/v2\/posts\/427\/revisions"}],"wp:attachment":[{"href":"https:\/\/ligamercedina.com\/web\/wp-json\/wp\/v2\/media?parent=427"}],"wp:term":[{"taxonomy":"category","embeddable":true,"href":"https:\/\/ligamercedina.com\/web\/wp-json\/wp\/v2\/categories?post=427"},{"taxonomy":"post_tag","embeddable":true,"href":"https:\/\/ligamercedina.com\/web\/wp-json\/wp\/v2\/tags?post=427"}],"curies":[{"name":"wp","href":"https:\/\/api.w.org\/{rel}","templated":true}]}}