{"id":424,"date":"2008-04-30T14:12:04","date_gmt":"2008-04-30T17:12:04","guid":{"rendered":"https:\/\/ligamercedina.com\/?p=424"},"modified":"2008-04-30T14:12:04","modified_gmt":"2008-04-30T17:12:04","slug":"por-ahora-no-habra-futbol-juvenil","status":"publish","type":"post","link":"https:\/\/ligamercedina.com\/web\/por-ahora-no-habra-futbol-juvenil\/","title":{"rendered":"POR AHORA NO HABRA FUTBOL JUVENIL"},"content":{"rendered":"<p><strong>Tal cual estaba previsto, se llev\u00f3 a cabo en la noche de ayer una reuni\u00f3n entre dirigentes de la Liga Mercedina y representantes de diferentes instituciones.<br \/>\nAll\u00ed, las m\u00e1ximas autoridades de la Liga confirmaron que por el momento no se dar\u00e1 inicio a los torneos de F\u00fatbol Juvenil, teniendo en cuenta los hechos de violencia que se registraron el \u00faltimo fin de semana.<br \/>\nAtento a ello, confirmaron que solo se iniciar\u00e1n los cert\u00e1menes de cancha de nuevo, previsto en un principio para el s\u00e1bado 10 de mayo.<\/p>\n<p>Por otra parte, tambi\u00e9n se confirm\u00f3 que los encuentros del torneo de Tercera Divisi\u00f3n, solo se disputar\u00e1n en canchas que cumplan con ciertas exigegencias de seguridad.<\/strong><\/p>\n","protected":false},"excerpt":{"rendered":"<p>Tal cual estaba previsto, se llev\u00f3 a cabo en la noche de ayer una reuni\u00f3n entre dirigentes de la Liga Mercedina y representantes de diferentes instituciones. All\u00ed, las m\u00e1ximas autoridades de la Liga confirmaron que por el momento no se dar\u00e1 inicio a los torneos de F\u00fatbol Juvenil, teniendo en cuenta los hechos de violencia que se registraron el \u00faltimo<\/p>\n","protected":false},"author":1,"featured_media":0,"comment_status":"open","ping_status":"open","sticky":false,"template":"","format":"standard","meta":{"footnotes":""},"categories":[4],"tags":[],"class_list":["post-424","post","type-post","status-publish","format-standard","hentry","category-informaciongeneral"],"_links":{"self":[{"href":"https:\/\/ligamercedina.com\/web\/wp-json\/wp\/v2\/posts\/424","targetHints":{"allow":["GET"]}}],"collection":[{"href":"https:\/\/ligamercedina.com\/web\/wp-json\/wp\/v2\/posts"}],"about":[{"href":"https:\/\/ligamercedina.com\/web\/wp-json\/wp\/v2\/types\/post"}],"author":[{"embeddable":true,"href":"https:\/\/ligamercedina.com\/web\/wp-json\/wp\/v2\/users\/1"}],"replies":[{"embeddable":true,"href":"https:\/\/ligamercedina.com\/web\/wp-json\/wp\/v2\/comments?post=424"}],"version-history":[{"count":0,"href":"https:\/\/ligamercedina.com\/web\/wp-json\/wp\/v2\/posts\/424\/revisions"}],"wp:attachment":[{"href":"https:\/\/ligamercedina.com\/web\/wp-json\/wp\/v2\/media?parent=424"}],"wp:term":[{"taxonomy":"category","embeddable":true,"href":"https:\/\/ligamercedina.com\/web\/wp-json\/wp\/v2\/categories?post=424"},{"taxonomy":"post_tag","embeddable":true,"href":"https:\/\/ligamercedina.com\/web\/wp-json\/wp\/v2\/tags?post=424"}],"curies":[{"name":"wp","href":"https:\/\/api.w.org\/{rel}","templated":true}]}}