{"id":423,"date":"2008-04-29T13:29:26","date_gmt":"2008-04-29T16:29:26","guid":{"rendered":"https:\/\/ligamercedina.com\/?p=423"},"modified":"2008-04-29T13:29:26","modified_gmt":"2008-04-29T16:29:26","slug":"violencia-en-el-futbol-infantil-esta-noche-se-reunen-los-dirigentes","status":"publish","type":"post","link":"https:\/\/ligamercedina.com\/web\/violencia-en-el-futbol-infantil-esta-noche-se-reunen-los-dirigentes\/","title":{"rendered":"VIOLENCIA EN EL FUTBOL INFANTIL: ESTA NOCHE SE REUNEN LOS DIRIGENTES"},"content":{"rendered":"<blockquote><p><strong>Para las 19:30 de hoy los dirigentes de la Liga Mercedina han convocado a los Presidentes y\/o delegados titulares de cada una de las instituciones que forman parte del F\u00fatbol Infantil de nuestra ciudad.<br \/>\nEl motivo del encuentro est\u00e1 relacionados a los lamentables hechos ocurridos el pasado s\u00e1bado en cancha de Quilmes, donde se jugaban las finales del Torneo Preparaci\u00f3n.<br \/>\nLos m\u00e1ximos dirigentes de la Liga confirmaron que solo se aceptar\u00e1 la presencia del Presidente y el delegado titular de cada instituci\u00f3n.<\/strong><\/p><\/blockquote>\n","protected":false},"excerpt":{"rendered":"<p>Para las 19:30 de hoy los dirigentes de la Liga Mercedina han convocado a los Presidentes y\/o delegados titulares de cada una de las instituciones que forman parte del F\u00fatbol Infantil de nuestra ciudad. El motivo del encuentro est\u00e1 relacionados a los lamentables hechos ocurridos el pasado s\u00e1bado en cancha de Quilmes, donde se jugaban las finales del Torneo Preparaci\u00f3n.<\/p>\n","protected":false},"author":1,"featured_media":0,"comment_status":"open","ping_status":"open","sticky":false,"template":"","format":"standard","meta":{"footnotes":""},"categories":[4],"tags":[],"class_list":["post-423","post","type-post","status-publish","format-standard","hentry","category-informaciongeneral"],"_links":{"self":[{"href":"https:\/\/ligamercedina.com\/web\/wp-json\/wp\/v2\/posts\/423","targetHints":{"allow":["GET"]}}],"collection":[{"href":"https:\/\/ligamercedina.com\/web\/wp-json\/wp\/v2\/posts"}],"about":[{"href":"https:\/\/ligamercedina.com\/web\/wp-json\/wp\/v2\/types\/post"}],"author":[{"embeddable":true,"href":"https:\/\/ligamercedina.com\/web\/wp-json\/wp\/v2\/users\/1"}],"replies":[{"embeddable":true,"href":"https:\/\/ligamercedina.com\/web\/wp-json\/wp\/v2\/comments?post=423"}],"version-history":[{"count":0,"href":"https:\/\/ligamercedina.com\/web\/wp-json\/wp\/v2\/posts\/423\/revisions"}],"wp:attachment":[{"href":"https:\/\/ligamercedina.com\/web\/wp-json\/wp\/v2\/media?parent=423"}],"wp:term":[{"taxonomy":"category","embeddable":true,"href":"https:\/\/ligamercedina.com\/web\/wp-json\/wp\/v2\/categories?post=423"},{"taxonomy":"post_tag","embeddable":true,"href":"https:\/\/ligamercedina.com\/web\/wp-json\/wp\/v2\/tags?post=423"}],"curies":[{"name":"wp","href":"https:\/\/api.w.org\/{rel}","templated":true}]}}