{"id":417,"date":"2008-04-27T11:53:01","date_gmt":"2008-04-27T14:53:01","guid":{"rendered":"https:\/\/ligamercedina.com\/?p=417"},"modified":"2008-04-27T11:53:01","modified_gmt":"2008-04-27T14:53:01","slug":"urgente-convocan-para-el-martes-a-los-presidentes-a-una-reunion","status":"publish","type":"post","link":"https:\/\/ligamercedina.com\/web\/urgente-convocan-para-el-martes-a-los-presidentes-a-una-reunion\/","title":{"rendered":"URGENTE: CONVOCAN PARA EL MARTES A UNA REUNION A LOS PRESIDENTES DE LOS CLUBES"},"content":{"rendered":"<blockquote><p><strong>Con motivo de los hechos ocurridos en la tarde del s\u00e1bado, las m\u00e1ximas autoridades de la Liga Mercedina han decidido convocar a una reuni\u00f3n a los Presidentes de las diferentes instituciones que participan en dichos cert\u00e1menes.<br \/>\nLa Liga informa que al encuentro, pautado para las 19:30 horas, solo podr\u00e1n asistir los PRESIDENTES y DELEGADOS TITULARES.<\/strong><\/p><\/blockquote>\n","protected":false},"excerpt":{"rendered":"<p>Con motivo de los hechos ocurridos en la tarde del s\u00e1bado, las m\u00e1ximas autoridades de la Liga Mercedina han decidido convocar a una reuni\u00f3n a los Presidentes de las diferentes instituciones que participan en dichos cert\u00e1menes. La Liga informa que al encuentro, pautado para las 19:30 horas, solo podr\u00e1n asistir los PRESIDENTES y DELEGADOS TITULARES.<\/p>\n","protected":false},"author":1,"featured_media":0,"comment_status":"open","ping_status":"closed","sticky":false,"template":"","format":"standard","meta":{"footnotes":""},"categories":[4],"tags":[],"class_list":["post-417","post","type-post","status-publish","format-standard","hentry","category-informaciongeneral"],"_links":{"self":[{"href":"https:\/\/ligamercedina.com\/web\/wp-json\/wp\/v2\/posts\/417","targetHints":{"allow":["GET"]}}],"collection":[{"href":"https:\/\/ligamercedina.com\/web\/wp-json\/wp\/v2\/posts"}],"about":[{"href":"https:\/\/ligamercedina.com\/web\/wp-json\/wp\/v2\/types\/post"}],"author":[{"embeddable":true,"href":"https:\/\/ligamercedina.com\/web\/wp-json\/wp\/v2\/users\/1"}],"replies":[{"embeddable":true,"href":"https:\/\/ligamercedina.com\/web\/wp-json\/wp\/v2\/comments?post=417"}],"version-history":[{"count":0,"href":"https:\/\/ligamercedina.com\/web\/wp-json\/wp\/v2\/posts\/417\/revisions"}],"wp:attachment":[{"href":"https:\/\/ligamercedina.com\/web\/wp-json\/wp\/v2\/media?parent=417"}],"wp:term":[{"taxonomy":"category","embeddable":true,"href":"https:\/\/ligamercedina.com\/web\/wp-json\/wp\/v2\/categories?post=417"},{"taxonomy":"post_tag","embeddable":true,"href":"https:\/\/ligamercedina.com\/web\/wp-json\/wp\/v2\/tags?post=417"}],"curies":[{"name":"wp","href":"https:\/\/api.w.org\/{rel}","templated":true}]}}