{"id":4122,"date":"2010-08-11T13:12:02","date_gmt":"2010-08-11T16:12:02","guid":{"rendered":"https:\/\/ligamercedina.com\/?p=4122"},"modified":"2010-08-11T13:12:02","modified_gmt":"2010-08-11T16:12:02","slug":"esta-noche-se-presenta-el-sub-17","status":"publish","type":"post","link":"https:\/\/ligamercedina.com\/web\/esta-noche-se-presenta-el-sub-17\/","title":{"rendered":"ESTA NOCHE SE PRESENTA EL SUB 17"},"content":{"rendered":"<p><strong>En la noche de este mi\u00e9rcoles 11 de agosto, en cancha de la Liga se pondr\u00e1 en marcha la participaci\u00f3n de la Selecci\u00f3n Sub 17 de la Liga Mercedina de F\u00fatbol.<br \/>\nEl encuentro, previsto para la hora 21 tendr\u00e1 el arbitraje de una terna de la Liga Lujanense a la vez que previamente se disputar\u00e1 un partido amistoso de equipos categor\u00edas 99 de los clubes Mercedes y El Front\u00f3n de San Andr\u00e9s de Giles.<\/strong><\/p>\n","protected":false},"excerpt":{"rendered":"<p>En la noche de este mi\u00e9rcoles 11 de agosto, en cancha de la Liga se pondr\u00e1 en marcha la participaci\u00f3n de la Selecci\u00f3n Sub 17 de la Liga Mercedina de F\u00fatbol. El encuentro, previsto para la hora 21 tendr\u00e1 el arbitraje de una terna de la Liga Lujanense a la vez que previamente se disputar\u00e1 un partido amistoso de equipos<\/p>\n","protected":false},"author":1,"featured_media":0,"comment_status":"open","ping_status":"open","sticky":false,"template":"","format":"standard","meta":{"footnotes":""},"categories":[4],"tags":[],"class_list":["post-4122","post","type-post","status-publish","format-standard","hentry","category-informaciongeneral"],"_links":{"self":[{"href":"https:\/\/ligamercedina.com\/web\/wp-json\/wp\/v2\/posts\/4122","targetHints":{"allow":["GET"]}}],"collection":[{"href":"https:\/\/ligamercedina.com\/web\/wp-json\/wp\/v2\/posts"}],"about":[{"href":"https:\/\/ligamercedina.com\/web\/wp-json\/wp\/v2\/types\/post"}],"author":[{"embeddable":true,"href":"https:\/\/ligamercedina.com\/web\/wp-json\/wp\/v2\/users\/1"}],"replies":[{"embeddable":true,"href":"https:\/\/ligamercedina.com\/web\/wp-json\/wp\/v2\/comments?post=4122"}],"version-history":[{"count":3,"href":"https:\/\/ligamercedina.com\/web\/wp-json\/wp\/v2\/posts\/4122\/revisions"}],"predecessor-version":[{"id":14035,"href":"https:\/\/ligamercedina.com\/web\/wp-json\/wp\/v2\/posts\/4122\/revisions\/14035"}],"wp:attachment":[{"href":"https:\/\/ligamercedina.com\/web\/wp-json\/wp\/v2\/media?parent=4122"}],"wp:term":[{"taxonomy":"category","embeddable":true,"href":"https:\/\/ligamercedina.com\/web\/wp-json\/wp\/v2\/categories?post=4122"},{"taxonomy":"post_tag","embeddable":true,"href":"https:\/\/ligamercedina.com\/web\/wp-json\/wp\/v2\/tags?post=4122"}],"curies":[{"name":"wp","href":"https:\/\/api.w.org\/{rel}","templated":true}]}}