{"id":4119,"date":"2010-08-10T22:32:45","date_gmt":"2010-08-11T01:32:45","guid":{"rendered":"https:\/\/ligamercedina.com\/?p=4119"},"modified":"2010-08-10T22:32:45","modified_gmt":"2010-08-11T01:32:45","slug":"modificaciones-en-horarios-de-primera-division","status":"publish","type":"post","link":"https:\/\/ligamercedina.com\/web\/modificaciones-en-horarios-de-primera-division\/","title":{"rendered":"MODIFICACIONES EN HORARIOS DE PRIMERA DIVISION"},"content":{"rendered":"<p>En la noche de este martes se resolvieron algunas modificaciones horarios en la programaci\u00f3n para el pr\u00f3ximo fin de semana.<br \/>\nLa misma es la siguiente<\/p>\n<p><em><strong>S\u00e1bado 14 de agosto<\/strong><\/em><br \/>\n13:30 hs. San Marcos Vs. Cruzados FC<br \/>\n15:30 hs. Club Mercedes Vs. Pabell\u00f3n Argentino<br \/>\n17:30 hs. Los Palometas Vs. Juventud de Suipacha<\/p>\n<p><em><strong>Domingo 15 de agosto, cancha Liga<\/strong><\/em><br \/>\n13 hs. V\u00e9lez Sarsfield Vs. Ateneo<br \/>\n15 hs. Estudiantes Vs. Quilmes<\/p>\n<p><em><strong>Cancha El Front\u00f3n<\/strong><\/em><br \/>\n15:30 hs. El Front\u00f3n Vs. Comunicaciones<\/p>\n","protected":false},"excerpt":{"rendered":"<p>En la noche de este martes se resolvieron algunas modificaciones horarios en la programaci\u00f3n para el pr\u00f3ximo fin de semana. La misma es la siguiente S\u00e1bado 14 de agosto 13:30 hs. San Marcos Vs. Cruzados FC 15:30 hs. Club Mercedes Vs. Pabell\u00f3n Argentino 17:30 hs. Los Palometas Vs. Juventud de Suipacha Domingo 15 de agosto, cancha Liga 13 hs. V\u00e9lez<\/p>\n","protected":false},"author":1,"featured_media":0,"comment_status":"open","ping_status":"open","sticky":false,"template":"","format":"standard","meta":{"footnotes":""},"categories":[4],"tags":[],"class_list":["post-4119","post","type-post","status-publish","format-standard","hentry","category-informaciongeneral"],"_links":{"self":[{"href":"https:\/\/ligamercedina.com\/web\/wp-json\/wp\/v2\/posts\/4119","targetHints":{"allow":["GET"]}}],"collection":[{"href":"https:\/\/ligamercedina.com\/web\/wp-json\/wp\/v2\/posts"}],"about":[{"href":"https:\/\/ligamercedina.com\/web\/wp-json\/wp\/v2\/types\/post"}],"author":[{"embeddable":true,"href":"https:\/\/ligamercedina.com\/web\/wp-json\/wp\/v2\/users\/1"}],"replies":[{"embeddable":true,"href":"https:\/\/ligamercedina.com\/web\/wp-json\/wp\/v2\/comments?post=4119"}],"version-history":[{"count":3,"href":"https:\/\/ligamercedina.com\/web\/wp-json\/wp\/v2\/posts\/4119\/revisions"}],"predecessor-version":[{"id":14034,"href":"https:\/\/ligamercedina.com\/web\/wp-json\/wp\/v2\/posts\/4119\/revisions\/14034"}],"wp:attachment":[{"href":"https:\/\/ligamercedina.com\/web\/wp-json\/wp\/v2\/media?parent=4119"}],"wp:term":[{"taxonomy":"category","embeddable":true,"href":"https:\/\/ligamercedina.com\/web\/wp-json\/wp\/v2\/categories?post=4119"},{"taxonomy":"post_tag","embeddable":true,"href":"https:\/\/ligamercedina.com\/web\/wp-json\/wp\/v2\/tags?post=4119"}],"curies":[{"name":"wp","href":"https:\/\/api.w.org\/{rel}","templated":true}]}}