{"id":4116,"date":"2010-08-09T23:05:15","date_gmt":"2010-08-10T02:05:15","guid":{"rendered":"https:\/\/ligamercedina.com\/?p=4116"},"modified":"2010-08-09T23:05:15","modified_gmt":"2010-08-10T02:05:15","slug":"apoyo-municipal-y-del-hospital-a-la-seleccion-sub-17","status":"publish","type":"post","link":"https:\/\/ligamercedina.com\/web\/apoyo-municipal-y-del-hospital-a-la-seleccion-sub-17\/","title":{"rendered":"APOYO MUNICIPAL Y DEL HOSPITAL A LA SELECCION SUB 17"},"content":{"rendered":"<p>A partir de las 21 horas de este mi\u00e9rcoles 11 de agosto, en la cancha de la Liga Mercedina se producir\u00e1 el debut del Seleccionado Sub 17 de nuestra ciudad, en su participaci\u00f3n del certamen nacional organizado por el Consejo Federal de la Asociaci\u00f3n del F\u00fatbol Argentino.<br \/>\nEn ese sentido, la Municipalidad de Mercedes hizo entrega en los \u00faltimos d\u00edas de importantes elementos para los j\u00f3venes mercedinos. Por un lado, don\u00f3 las camperas que utilizar\u00e1 el equipo, a la vez que se har\u00e1 cargo durante la primera fase de los gastos de viajes.<br \/>\nEl Director de Deportes Municipal, Profesor Julio C\u00e1mpora hizo entrega de las camperas en un acto celebrado en la propia cartera de deportes y donde la Liga estuvo representada por el Tesorero Armando Ponce, y por el Presidente de la Comisi\u00f3n de Selecciones, Daniel St\u00e9fano.<\/p>\n<p>Por otra parte, las autoridades de la Liga tambi\u00e9n resaltaron la actitud del Director del Hospital Blas L. Dubarry, Dr. Rodolfo Pr\u00edncipi,  quien junto a personal de dicho centro de salud realizaron un muy completo estudio m\u00e9dico a cada jugador seleccionado.<br \/>\n<a href=\"https:\/\/ligamercedina.com\/wp-content\/uploads\/2010\/08\/dsc09140.jpg\"><img loading=\"lazy\" decoding=\"async\" src=\"https:\/\/ligamercedina.com\/wp-content\/uploads\/2010\/08\/dsc09140.jpg\" alt=\"\" title=\"dsc09140\" width=\"480\" height=\"360\" class=\"aligncenter size-full wp-image-4117\" srcset=\"https:\/\/ligamercedina.com\/web\/wp-content\/uploads\/2010\/08\/dsc09140.jpg 480w, https:\/\/ligamercedina.com\/web\/wp-content\/uploads\/2010\/08\/dsc09140-300x225.jpg 300w, https:\/\/ligamercedina.com\/web\/wp-content\/uploads\/2010\/08\/dsc09140-400x300.jpg 400w\" sizes=\"auto, (max-width: 480px) 100vw, 480px\" \/><\/a><\/p>\n","protected":false},"excerpt":{"rendered":"<p>A partir de las 21 horas de este mi\u00e9rcoles 11 de agosto, en la cancha de la Liga Mercedina se producir\u00e1 el debut del Seleccionado Sub 17 de nuestra ciudad, en su participaci\u00f3n del certamen nacional organizado por el Consejo Federal de la Asociaci\u00f3n del F\u00fatbol Argentino. En ese sentido, la Municipalidad de Mercedes hizo entrega en los \u00faltimos d\u00edas<\/p>\n","protected":false},"author":1,"featured_media":0,"comment_status":"open","ping_status":"open","sticky":false,"template":"","format":"standard","meta":{"footnotes":""},"categories":[4],"tags":[],"class_list":["post-4116","post","type-post","status-publish","format-standard","hentry","category-informaciongeneral"],"_links":{"self":[{"href":"https:\/\/ligamercedina.com\/web\/wp-json\/wp\/v2\/posts\/4116","targetHints":{"allow":["GET"]}}],"collection":[{"href":"https:\/\/ligamercedina.com\/web\/wp-json\/wp\/v2\/posts"}],"about":[{"href":"https:\/\/ligamercedina.com\/web\/wp-json\/wp\/v2\/types\/post"}],"author":[{"embeddable":true,"href":"https:\/\/ligamercedina.com\/web\/wp-json\/wp\/v2\/users\/1"}],"replies":[{"embeddable":true,"href":"https:\/\/ligamercedina.com\/web\/wp-json\/wp\/v2\/comments?post=4116"}],"version-history":[{"count":0,"href":"https:\/\/ligamercedina.com\/web\/wp-json\/wp\/v2\/posts\/4116\/revisions"}],"wp:attachment":[{"href":"https:\/\/ligamercedina.com\/web\/wp-json\/wp\/v2\/media?parent=4116"}],"wp:term":[{"taxonomy":"category","embeddable":true,"href":"https:\/\/ligamercedina.com\/web\/wp-json\/wp\/v2\/categories?post=4116"},{"taxonomy":"post_tag","embeddable":true,"href":"https:\/\/ligamercedina.com\/web\/wp-json\/wp\/v2\/tags?post=4116"}],"curies":[{"name":"wp","href":"https:\/\/api.w.org\/{rel}","templated":true}]}}