{"id":4082,"date":"2010-08-07T10:59:08","date_gmt":"2010-08-07T13:59:08","guid":{"rendered":"https:\/\/ligamercedina.com\/?p=4082"},"modified":"2010-08-07T10:59:08","modified_gmt":"2010-08-07T13:59:08","slug":"resultados-del-futbol-infanto-juvenil-fecha-1-clausura","status":"publish","type":"post","link":"https:\/\/ligamercedina.com\/web\/resultados-del-futbol-infanto-juvenil-fecha-1-clausura\/","title":{"rendered":"RESULTADOS DEL FUTBOL INFANTO JUVENIL: FECHA 1 CLAUSURA"},"content":{"rendered":"<blockquote><p><strong>ESTUDIANTES &#8211; MERCEDES<\/strong><\/p><\/blockquote>\n<p>Categor\u00eda 2001: <strong>1<\/strong> (Lucas Manes) &#8211; <strong>4<\/strong> (Lucas Biaggini, Juan Bidone, Luca Dadea 2)<br \/>\nCategor\u00eda 2000: <strong>1<\/strong> (Juan Virto) &#8211; <strong>0<\/strong><br \/>\nCategor\u00eda 99: <strong>0 &#8211; 2<\/strong> (Santiago Sosa 2)<br \/>\nCategor\u00eda 98: <strong>3<\/strong> (Nicol\u00e1s Bartolomeo, Lucas Gallo, Dami\u00e1n Mansilla) &#8211; <strong>0<\/strong><br \/>\nCategor\u00eda 97: <strong>1<\/strong> (Carlos Rossi) &#8211; <strong>0<\/strong><br \/>\nCategor\u00eda 96: <strong>2 &#8211; 0<\/strong><br \/>\nCategor\u00eda 95: Mi\u00e9rcoles 11 a las 18 hs. Cancha Liga<br \/>\nCategor\u00eda 93-94: <strong>0 &#8211; 1<\/strong> (Nicol\u00e1s Bertaina)<\/p>\n<blockquote><p><strong>VELEZ SARSFIELD &#8211; JUVENTUD DE SUIPACHA<\/strong><\/p><\/blockquote>\n<p>Categor\u00eda 2001: <strong>0 &#8211; 3<\/strong> (Esteban Braghi, Santiago Romagnoli, Esteban Stillisano)<br \/>\nCategor\u00eda 2000: <strong>1<\/strong> (Alexis L\u00f3pez) &#8211; <strong>1<\/strong> (Franco Taborda)<br \/>\nCategor\u00eda 99: <strong>0 &#8211; 1<\/strong> (Serafin Iribarne)<br \/>\nCategor\u00eda 98: <strong>0 &#8211; 1<\/strong> (Alejo P\u00e9rez Zunino)<br \/>\nCategor\u00eda 97: <strong>2<\/strong> (Braian Flores 2) &#8211; <strong>0<\/strong><br \/>\nCategor\u00eda 96: <strong>3<\/strong> (Mat\u00edas Ventosa, Nicol\u00e1s Ram\u00edrez, Leandro Lucero) &#8211; <strong>1<\/strong> (M\u00e1ximo Ottonelli)<br \/>\nCategor\u00eda 95: <strong>1<\/strong> (Guido Lucero) &#8211; <strong>6<\/strong> (Lucas Hunt, Alejo Messia, Luis Novoa, Lucas P\u00e9rez Zunino 2, Juli\u00e1n Regojo)<br \/>\nCategor\u00eda 93-94: <strong>2<\/strong> (Braian Escudero, Andr\u00e9s Climi\u00f1o) &#8211; <strong>4<\/strong> (Felipe Tabossi 3, Vicente Bernal)<\/p>\n<blockquote><p><strong>EL FRONTON &#8211; QUILMES<\/strong><\/p><\/blockquote>\n<p>Categor\u00eda 2001: <strong>0 &#8211; 1<\/strong> (Mauro Ravassa)<br \/>\nCategor\u00eda 2000: <strong>1<\/strong> (Joaqu\u00edn Casado) &#8211; <strong>3<\/strong> (Mat\u00edas L\u00f3pez 3)<br \/>\nCategor\u00eda 99: <strong>0 &#8211; 0<\/strong><br \/>\nCategor\u00eda 98: <strong>3<\/strong> (Pedro Freggiaro, Alfonso Yacoy, Ignacio Leiva) &#8211; <strong>1<\/strong> (Nicol\u00e1s Romero)<br \/>\nCategor\u00eda 97: <strong>0 &#8211; 2<\/strong> (Enzo Miguel, Joel Tust)<br \/>\nCategor\u00eda 96: <strong>4<\/strong> (Jonatan Gonz\u00e1lez, Valent\u00edn Porco, Santiago Sogetti, Benjam\u00edn Albeverio) &#8211; <strong>0<\/strong><br \/>\nCategor\u00eda 95: <strong>2<\/strong> (Pablo Monsalvo 2) &#8211; <strong>1<\/strong> (Franco Gonz\u00e1lez)<br \/>\nCategor\u00eda 93-94: <strong>6<\/strong> (Franco Bava 3, Agust\u00edn Colombo, Braian Ferrety) &#8211; <strong>2<\/strong> (Mat\u00edas Giardelli, Gustavo L\u00f3pez)<\/p>\n<blockquote><p><strong>MERCEDES \u00abA\u00bb &#8211; ATENEO DE LA JUVENTUD<\/strong><\/p><\/blockquote>\n<p>Categor\u00eda 2001: <strong>1<\/strong> (Franco Novo) &#8211; <strong>0<\/strong><br \/>\nCategor\u00eda 2000: <strong>0 &#8211; 3<\/strong> (Facundo Godoy 2, Jos\u00e9 Peisino)<br \/>\nCategor\u00eda 99: <strong>1<\/strong> (Ignacio Vaccarezza) &#8211; <strong>0<\/strong><br \/>\nCategor\u00eda 98: <strong>1<\/strong> (Maximiliano Avila) &#8211; <strong>2<\/strong> (Tob\u00edas Alejandre, Juan Garc\u00eda)<br \/>\nCategor\u00eda 97: <strong>0 &#8211; 3<\/strong> (Santiago Cendoya, Lautaro Jaime, Franco Salinas)<br \/>\nCategor\u00eda 96: <strong>3<\/strong> (Santiago Schnaider 3) &#8211; <strong>1<\/strong> (Osvaldo Colli)<br \/>\nCategor\u00eda 95: <strong>3<\/strong> (Luis Centeno, Jonathan Fat, Maximiliano Morales) &#8211; <strong>1<\/strong> (Augusto Bertera)<br \/>\nCategor\u00eda 93-94: <strong>1<\/strong> (Esteban Heredia) &#8211; <strong>0<\/strong><\/p>\n<blockquote><p><strong>UNION &#8211; COMUNICACIONES<\/strong><\/p><\/blockquote>\n<p>Categor\u00eda 2001: <strong>0 &#8211; 1<\/strong> (Gonzalo Balvidares)<br \/>\nCategor\u00eda 2000: <strong>1<\/strong> (Francisco Russo) &#8211; <strong>3<\/strong> (Enzo Cabuccio 2, Tom\u00e1s Altamore)<br \/>\nCategor\u00eda 99: <strong>1<\/strong> (Carlos Barrera) &#8211; <strong>2<\/strong> (Maximiliano Russi, Alexis Mart\u00edn)<br \/>\nCategor\u00eda 98: <strong>1<\/strong> (Agust\u00edn Su\u00e1rez) &#8211; <strong>0<\/strong><br \/>\nCategor\u00eda 97: <strong>1<\/strong> (Leonardo P\u00e9rez e\/c) &#8211; <strong>0<\/strong><\/p>\n<p>* <em><strong>Los resultados de los partidos de Uni\u00f3n &#8211; Comunicaciones fueron extraidos del sitio oficial del club Comunicaciones: \/\/www.club-comunicaciones.es.tl<\/strong><\/em><\/p>\n","protected":false},"excerpt":{"rendered":"<p>ESTUDIANTES &#8211; MERCEDES Categor\u00eda 2001: 1 (Lucas Manes) &#8211; 4 (Lucas Biaggini, Juan Bidone, Luca Dadea 2) Categor\u00eda 2000: 1 (Juan Virto) &#8211; 0 Categor\u00eda 99: 0 &#8211; 2 (Santiago Sosa 2) Categor\u00eda 98: 3 (Nicol\u00e1s Bartolomeo, Lucas Gallo, Dami\u00e1n Mansilla) &#8211; 0 Categor\u00eda 97: 1 (Carlos Rossi) &#8211; 0 Categor\u00eda 96: 2 &#8211; 0 Categor\u00eda 95: Mi\u00e9rcoles 11 a<\/p>\n","protected":false},"author":1,"featured_media":0,"comment_status":"open","ping_status":"open","sticky":false,"template":"","format":"standard","meta":{"footnotes":""},"categories":[4],"tags":[],"class_list":["post-4082","post","type-post","status-publish","format-standard","hentry","category-informaciongeneral"],"_links":{"self":[{"href":"https:\/\/ligamercedina.com\/web\/wp-json\/wp\/v2\/posts\/4082","targetHints":{"allow":["GET"]}}],"collection":[{"href":"https:\/\/ligamercedina.com\/web\/wp-json\/wp\/v2\/posts"}],"about":[{"href":"https:\/\/ligamercedina.com\/web\/wp-json\/wp\/v2\/types\/post"}],"author":[{"embeddable":true,"href":"https:\/\/ligamercedina.com\/web\/wp-json\/wp\/v2\/users\/1"}],"replies":[{"embeddable":true,"href":"https:\/\/ligamercedina.com\/web\/wp-json\/wp\/v2\/comments?post=4082"}],"version-history":[{"count":15,"href":"https:\/\/ligamercedina.com\/web\/wp-json\/wp\/v2\/posts\/4082\/revisions"}],"predecessor-version":[{"id":4104,"href":"https:\/\/ligamercedina.com\/web\/wp-json\/wp\/v2\/posts\/4082\/revisions\/4104"}],"wp:attachment":[{"href":"https:\/\/ligamercedina.com\/web\/wp-json\/wp\/v2\/media?parent=4082"}],"wp:term":[{"taxonomy":"category","embeddable":true,"href":"https:\/\/ligamercedina.com\/web\/wp-json\/wp\/v2\/categories?post=4082"},{"taxonomy":"post_tag","embeddable":true,"href":"https:\/\/ligamercedina.com\/web\/wp-json\/wp\/v2\/tags?post=4082"}],"curies":[{"name":"wp","href":"https:\/\/api.w.org\/{rel}","templated":true}]}}