{"id":4007,"date":"2010-07-23T08:14:50","date_gmt":"2010-07-23T11:14:50","guid":{"rendered":"https:\/\/ligamercedina.com\/?p=4007"},"modified":"2010-07-23T08:14:50","modified_gmt":"2010-07-23T11:14:50","slug":"apertura-de-libro-de-pases-para-el-futbol-juvenil","status":"publish","type":"post","link":"https:\/\/ligamercedina.com\/web\/apertura-de-libro-de-pases-para-el-futbol-juvenil\/","title":{"rendered":"APERTURA DE LIBRO DE PASES PARA EL FUTBOL JUVENIL"},"content":{"rendered":"<p>En la noche de este jueves, en la sede de la Liga se realiz\u00f3 una reuni\u00f3n de delegados de la cual participaron los equipos: Ateneo de la Juventud, Quilmes, Estudiantes, Mercedes, V\u00e9lez Sarsfield y Comunicaciones.<br \/>\nEl Front\u00f3n envi\u00f3 una nota sobre una propuesta en relaci\u00f3n al tema a tratar, mientras que no tuvieron representaci\u00f3n Uni\u00f3n y Juventud de Suipacha.<\/p>\n<p>Tras un largo de debate en la reuni\u00f3n presidida por el Presidente de la instituci\u00f3n, Jorge Cerfoglio, se acord\u00f3 que para las categor\u00edas 98, 97, 96, 95 y 94-93 todos los equipos tendr\u00e1n la posibilidad de sumar hasta tres refuerzos con jugadores LIBRES al 31 de diciembre de 2009.<\/p>\n<p>Asimismo, y debido a los inconvenientes que vienen sufriendo a lo largo de la temporada los siguientes equipos podr\u00e1n sumar hasta 6 jugadores:<br \/>\nCategor\u00edas 96 de Ateneo, Comunicaciones y Juventud; Categor\u00edas 93-94 y 95 de Quilmes; Categor\u00eda 97 de Juventud; y Categor\u00eda 98 de Mercedes \u00abA\u00bb.<\/p>\n<p>En ambos casos, aquellos equipos que deseen realizar sumar nuevo jugadores tendr\u00e1n la posibilidad de BAJAR jugadores (en las mismas cantidades) con respecto a la listas de buena fe presentadas a comienzo de a\u00f1o.<\/p>\n<p>Dichos cambios podr\u00e1n realizarse hasta el jueves 12 de agosto inclusive a trav\u00e9s de la presentaci\u00f3n que realicen los mismos delegados, dej\u00e1ndose en claro que SOLO ESTOS ser\u00e1n quienes est\u00e9n en condiciones de hacer el tr\u00e1mite correspondiente.<\/p>\n<p>Adem\u00e1s, durante el encuentro qued\u00f3 establecido que aquellos equipos que no completen el m\u00ednimo de jugadores para disputar un partido a partir del Clausura ser\u00e1n penadoss con la multa correspondiente (sea cual fuere el n\u00famero de jugadores que est\u00e8n presentes) y a la tercera no presentaci\u00f3n se determinar\u00e1 la desafiliaci\u00f3n de todas las categor\u00edas, tal cual lo establece el Reglamento de Transgresiones y Penas del Consejo Federal, bajo el cual se rige la Liga Mercedina de F\u00fatbol.<\/p>\n<p><em><strong>SE DEJA EN CLARO QUE ESTAS MEDIDAS NO ALCANZAN A LAS CATEGORIAS DE CANCHA DE 9 COMO TAMPOCO A RESERVA Y PRIMERA DIVISION<\/strong><\/em><\/p>\n","protected":false},"excerpt":{"rendered":"<p>En la noche de este jueves, en la sede de la Liga se realiz\u00f3 una reuni\u00f3n de delegados de la cual participaron los equipos: Ateneo de la Juventud, Quilmes, Estudiantes, Mercedes, V\u00e9lez Sarsfield y Comunicaciones. El Front\u00f3n envi\u00f3 una nota sobre una propuesta en relaci\u00f3n al tema a tratar, mientras que no tuvieron representaci\u00f3n Uni\u00f3n y Juventud de Suipacha. Tras<\/p>\n","protected":false},"author":1,"featured_media":0,"comment_status":"open","ping_status":"open","sticky":false,"template":"","format":"standard","meta":{"footnotes":""},"categories":[4],"tags":[],"class_list":["post-4007","post","type-post","status-publish","format-standard","hentry","category-informaciongeneral"],"_links":{"self":[{"href":"https:\/\/ligamercedina.com\/web\/wp-json\/wp\/v2\/posts\/4007","targetHints":{"allow":["GET"]}}],"collection":[{"href":"https:\/\/ligamercedina.com\/web\/wp-json\/wp\/v2\/posts"}],"about":[{"href":"https:\/\/ligamercedina.com\/web\/wp-json\/wp\/v2\/types\/post"}],"author":[{"embeddable":true,"href":"https:\/\/ligamercedina.com\/web\/wp-json\/wp\/v2\/users\/1"}],"replies":[{"embeddable":true,"href":"https:\/\/ligamercedina.com\/web\/wp-json\/wp\/v2\/comments?post=4007"}],"version-history":[{"count":6,"href":"https:\/\/ligamercedina.com\/web\/wp-json\/wp\/v2\/posts\/4007\/revisions"}],"predecessor-version":[{"id":4012,"href":"https:\/\/ligamercedina.com\/web\/wp-json\/wp\/v2\/posts\/4007\/revisions\/4012"}],"wp:attachment":[{"href":"https:\/\/ligamercedina.com\/web\/wp-json\/wp\/v2\/media?parent=4007"}],"wp:term":[{"taxonomy":"category","embeddable":true,"href":"https:\/\/ligamercedina.com\/web\/wp-json\/wp\/v2\/categories?post=4007"},{"taxonomy":"post_tag","embeddable":true,"href":"https:\/\/ligamercedina.com\/web\/wp-json\/wp\/v2\/tags?post=4007"}],"curies":[{"name":"wp","href":"https:\/\/api.w.org\/{rel}","templated":true}]}}