{"id":39970,"date":"2025-10-31T16:37:42","date_gmt":"2025-10-31T19:37:42","guid":{"rendered":"https:\/\/ligamercedina.com\/web\/?p=39970"},"modified":"2025-11-03T19:12:38","modified_gmt":"2025-11-03T22:12:38","slug":"octava-fecha-de-primera-2","status":"publish","type":"post","link":"https:\/\/ligamercedina.com\/web\/octava-fecha-de-primera-2\/","title":{"rendered":"Octava fecha de Primera"},"content":{"rendered":"<p><strong><a href=\"https:\/\/ligamercedina.com\/web\/wp-content\/uploads\/2025\/10\/IMG_2785.jpg\"><img loading=\"lazy\" decoding=\"async\" class=\"aligncenter size-full wp-image-40197\" src=\"https:\/\/ligamercedina.com\/web\/wp-content\/uploads\/2025\/10\/IMG_2785.jpg\" alt=\"\" width=\"640\" height=\"427\" srcset=\"https:\/\/ligamercedina.com\/web\/wp-content\/uploads\/2025\/10\/IMG_2785.jpg 640w, https:\/\/ligamercedina.com\/web\/wp-content\/uploads\/2025\/10\/IMG_2785-300x200.jpg 300w\" sizes=\"auto, (max-width: 640px) 100vw, 640px\" \/><\/a>El Front\u00f3n 1:<\/strong> Juan Romero.<br \/>\n<strong>V\u00e9lez 0<\/strong>.<\/p>\n<p><strong>Defensores Juniors 3:<\/strong> Albano Mart\u00ednez 2 y Amadeo Pe\u00f1a.<br \/>\n<strong>Pabell\u00f3n 0<\/strong>.<\/p>\n<p><strong>Club Mercedes 1:<\/strong> Mateo Blanco.<br \/>\n<strong>Villa Manchi 1:<\/strong> Francisco Spena.<\/p>\n<p><strong>Palometas 1:<\/strong> Eric Pizzurno.<br \/>\n<strong>Carteros 4:<\/strong> Mart\u00edn Zuleta 2, Facundo Torres y Joaqu\u00edn Barrionuevo.<\/p>\n<p><strong>Trocha 6:<\/strong> Luka Tello, Mauro Sigona 2, Agust\u00edn Ubiz, Agust\u00edn Barrera y Dante D\u00edaz.<br \/>\n<strong>Jorge Newbery 1:<\/strong> Mateo Cano.<\/p>\n<p><strong>Quilmes 0.<\/strong><br \/>\n<strong>Estudiantes 3:<\/strong> Nahuel Mart\u00ednez, Rodrigo Torres y Agust\u00edn Vivas.<br \/>\n<a href=\"https:\/\/ligamercedina.com\/web\/wp-content\/uploads\/2025\/10\/Primera-division-A-1-2.jpg\"><img loading=\"lazy\" decoding=\"async\" class=\"aligncenter size-full wp-image-40187\" src=\"https:\/\/ligamercedina.com\/web\/wp-content\/uploads\/2025\/10\/Primera-division-A-1-2.jpg\" alt=\"\" width=\"640\" height=\"438\" srcset=\"https:\/\/ligamercedina.com\/web\/wp-content\/uploads\/2025\/10\/Primera-division-A-1-2.jpg 640w, https:\/\/ligamercedina.com\/web\/wp-content\/uploads\/2025\/10\/Primera-division-A-1-2-300x205.jpg 300w\" sizes=\"auto, (max-width: 640px) 100vw, 640px\" \/><\/a><\/p>\n","protected":false},"excerpt":{"rendered":"<p>El Front\u00f3n 1: Juan Romero. V\u00e9lez 0. Defensores Juniors 3: Albano Mart\u00ednez 2 y Amadeo Pe\u00f1a. Pabell\u00f3n 0. Club Mercedes 1: Mateo Blanco. Villa Manchi 1: Francisco Spena. Palometas 1: Eric Pizzurno. Carteros 4: Mart\u00edn Zuleta 2, Facundo Torres y Joaqu\u00edn Barrionuevo. Trocha 6: Luka Tello, Mauro Sigona 2, Agust\u00edn Ubiz, Agust\u00edn Barrera y Dante D\u00edaz. Jorge Newbery 1: Mateo<\/p>\n","protected":false},"author":2,"featured_media":0,"comment_status":"open","ping_status":"open","sticky":false,"template":"","format":"standard","meta":{"footnotes":""},"categories":[4],"tags":[114,123],"class_list":["post-39970","post","type-post","status-publish","format-standard","hentry","category-informaciongeneral","tag-liga-mercedina-de-futbol","tag-reserva"],"_links":{"self":[{"href":"https:\/\/ligamercedina.com\/web\/wp-json\/wp\/v2\/posts\/39970","targetHints":{"allow":["GET"]}}],"collection":[{"href":"https:\/\/ligamercedina.com\/web\/wp-json\/wp\/v2\/posts"}],"about":[{"href":"https:\/\/ligamercedina.com\/web\/wp-json\/wp\/v2\/types\/post"}],"author":[{"embeddable":true,"href":"https:\/\/ligamercedina.com\/web\/wp-json\/wp\/v2\/users\/2"}],"replies":[{"embeddable":true,"href":"https:\/\/ligamercedina.com\/web\/wp-json\/wp\/v2\/comments?post=39970"}],"version-history":[{"count":6,"href":"https:\/\/ligamercedina.com\/web\/wp-json\/wp\/v2\/posts\/39970\/revisions"}],"predecessor-version":[{"id":40198,"href":"https:\/\/ligamercedina.com\/web\/wp-json\/wp\/v2\/posts\/39970\/revisions\/40198"}],"wp:attachment":[{"href":"https:\/\/ligamercedina.com\/web\/wp-json\/wp\/v2\/media?parent=39970"}],"wp:term":[{"taxonomy":"category","embeddable":true,"href":"https:\/\/ligamercedina.com\/web\/wp-json\/wp\/v2\/categories?post=39970"},{"taxonomy":"post_tag","embeddable":true,"href":"https:\/\/ligamercedina.com\/web\/wp-json\/wp\/v2\/tags?post=39970"}],"curies":[{"name":"wp","href":"https:\/\/api.w.org\/{rel}","templated":true}]}}