{"id":3992,"date":"2010-07-20T20:29:43","date_gmt":"2010-07-20T23:29:43","guid":{"rendered":"https:\/\/ligamercedina.com\/?p=3992"},"modified":"2010-07-20T20:29:43","modified_gmt":"2010-07-20T23:29:43","slug":"horarios-para-el-fin-de-semana-oficiales","status":"publish","type":"post","link":"https:\/\/ligamercedina.com\/web\/horarios-para-el-fin-de-semana-oficiales\/","title":{"rendered":"HORARIOS PARA EL FIN DE SEMANA OFICIALES"},"content":{"rendered":"<blockquote><p><strong>PRIMERA DIVISION<\/strong><\/p><\/blockquote>\n<ul>\n<strong>SE JUEGA EL SABADO 24<\/strong><\/ul>\n<p><em><strong>Cancha Liga Mercedina<\/strong><\/em><br \/>\n13 hs. Quilmes Vs. El Front\u00f3n<br \/>\n15 hs. Club Mercedes Vs. Estudiantes<br \/>\n17 hs. Ateneo Vs. Cruzados FC<\/p>\n<p><em><strong>Cancha Juventud<\/strong><\/em><br \/>\n15 hs. Juventud Vs. V\u00e9lez<\/p>\n<blockquote><p><strong>RESERVA<\/strong><\/p><\/blockquote>\n<p><strong>S\u00e1bado, cancha Juventud<\/strong><br \/>\n13 hs. Juventud Vs. V\u00e9lez<\/p>\n<p><em><strong>Domingo, cancha Pabell\u00f3n<\/strong><\/em><br \/>\n15:30 hs. Pabell\u00f3n Argentino Vs. Los Palometas<\/p>\n","protected":false},"excerpt":{"rendered":"<p>PRIMERA DIVISION SE JUEGA EL SABADO 24 Cancha Liga Mercedina 13 hs. Quilmes Vs. El Front\u00f3n 15 hs. Club Mercedes Vs. Estudiantes 17 hs. Ateneo Vs. Cruzados FC Cancha Juventud 15 hs. Juventud Vs. V\u00e9lez RESERVA S\u00e1bado, cancha Juventud 13 hs. Juventud Vs. V\u00e9lez Domingo, cancha Pabell\u00f3n 15:30 hs. Pabell\u00f3n Argentino Vs. Los Palometas<\/p>\n","protected":false},"author":1,"featured_media":0,"comment_status":"open","ping_status":"open","sticky":false,"template":"","format":"standard","meta":{"footnotes":""},"categories":[4],"tags":[],"class_list":["post-3992","post","type-post","status-publish","format-standard","hentry","category-informaciongeneral"],"_links":{"self":[{"href":"https:\/\/ligamercedina.com\/web\/wp-json\/wp\/v2\/posts\/3992","targetHints":{"allow":["GET"]}}],"collection":[{"href":"https:\/\/ligamercedina.com\/web\/wp-json\/wp\/v2\/posts"}],"about":[{"href":"https:\/\/ligamercedina.com\/web\/wp-json\/wp\/v2\/types\/post"}],"author":[{"embeddable":true,"href":"https:\/\/ligamercedina.com\/web\/wp-json\/wp\/v2\/users\/1"}],"replies":[{"embeddable":true,"href":"https:\/\/ligamercedina.com\/web\/wp-json\/wp\/v2\/comments?post=3992"}],"version-history":[{"count":6,"href":"https:\/\/ligamercedina.com\/web\/wp-json\/wp\/v2\/posts\/3992\/revisions"}],"predecessor-version":[{"id":3997,"href":"https:\/\/ligamercedina.com\/web\/wp-json\/wp\/v2\/posts\/3992\/revisions\/3997"}],"wp:attachment":[{"href":"https:\/\/ligamercedina.com\/web\/wp-json\/wp\/v2\/media?parent=3992"}],"wp:term":[{"taxonomy":"category","embeddable":true,"href":"https:\/\/ligamercedina.com\/web\/wp-json\/wp\/v2\/categories?post=3992"},{"taxonomy":"post_tag","embeddable":true,"href":"https:\/\/ligamercedina.com\/web\/wp-json\/wp\/v2\/tags?post=3992"}],"curies":[{"name":"wp","href":"https:\/\/api.w.org\/{rel}","templated":true}]}}