{"id":399,"date":"2008-04-14T11:28:02","date_gmt":"2008-04-14T14:28:02","guid":{"rendered":"https:\/\/ligamercedina.com\/?p=399"},"modified":"2008-04-14T11:28:02","modified_gmt":"2008-04-14T14:28:02","slug":"horarios-para-todo-el-futbol-de-los-dias-19-y-20-de-abril","status":"publish","type":"post","link":"https:\/\/ligamercedina.com\/web\/horarios-para-todo-el-futbol-de-los-dias-19-y-20-de-abril\/","title":{"rendered":"HORARIOS PARA TODO EL FUTBOL PARA LOS D\u00cdAS 19 Y 20 DE ABRIL"},"content":{"rendered":"<blockquote><p><strong>FUTBOL INFANTIL: TORNEO PREPARACION<\/strong><br \/>\nCAMPO DE DEPORTES DE ESTUDIANTES SEMIFINAL &#8211; En caso de empate habr\u00e1 penales &#8211;<\/p>\n<p><strong>Cancha de 9<\/strong><br \/>\n14:30 hs. &#8211; Categor\u00eda 99 &#8211; Mercedes \u00abA\u00bb Vs. V\u00e9lez Sarsfield<br \/>\n15:30 hs. &#8211; Categor\u00eda 98 &#8211; Mercedes \u00abA\u00bb Vs. V\u00e9lez Sarsfield<br \/>\n16:30 hs. &#8211; Categor\u00eda 97 &#8211; Ateneo Vs. Uni\u00f3n.<\/p>\n<p><strong>Cancha de 11<\/strong><br \/>\n11:45 hs. &#8211; Categor\u00eda 96 &#8211; Mercedes \u00abA\u00bb Vs. V\u00e9lez Sarsfield<br \/>\n12:45 hs. &#8211; Categor\u00eda 95 &#8211; Ateneo Vs. V\u00e9lez Sarsfield<br \/>\n13:45 hs. &#8211; Categor\u00eda 91-92 &#8211; Ateneo Vs. V\u00e9lez Sarsfield<br \/>\n15:15 hs. &#8211; Categor\u00eda 94 &#8211; Ateneo Vs. V\u00e9lez Sarsfield<br \/>\n16:30 hs. &#8211; Categor\u00eda 93 &#8211; Mercedes \u00abA\u00bb Vs. V\u00e9lez Sarsfield<\/p><\/blockquote>\n<blockquote><p><strong>TERCERA DIVISION: S\u00e1bado 19<\/strong><br \/>\n<strong>Cancha V\u00e9lez<\/strong><br \/>\n14 hs. Mercedes Vs. V\u00e9lez<br \/>\n16 hs. Palometas Vs. Estudiantes<\/p>\n<p><strong>Cancha Quilmes<\/strong><br \/>\n14 hs. Quilmes Vs. San Jos\u00e9<\/p>\n<p><strong>Cancha Comunicaciones<\/strong><br \/>\n14 hs. Comunicaciones Vs. Juventud<br \/>\n16 hs. Cruzados FC Vs. Ateneo<br \/>\n<a href=\"https:\/\/ligamercedina.com\/?page_id=401\">SINTESIS COMPLETA DE LA FECHA 1<\/a><\/p><\/blockquote>\n<blockquote><p><strong>PRIMERA DIVISION<\/strong><br \/>\n<strong>Sabado<\/strong><br \/>\n12 hs. Quilmes Vs. Cruzados FC<br \/>\n14 hs. Juventud Vs. Ateneo<br \/>\n16 hs. Mercedes Vs. Pabell\u00f3n Argentino<\/p>\n<p><strong>Domingo<\/strong><br \/>\n12 hs. Palometas Vs. San Jos\u00e9<br \/>\n14 hs. Uni\u00f3n de M. Paz Vs. Estudiantes<br \/>\n16 hs. V\u00e9lez Vs. Comunicaciones<br \/>\n<a href=\"https:\/\/ligamercedina.com\/?page_id=400\"> SINTESIS COMPLETA DE LA FECHA 1<\/a><\/p><\/blockquote>\n","protected":false},"excerpt":{"rendered":"<p>FUTBOL INFANTIL: TORNEO PREPARACION CAMPO DE DEPORTES DE ESTUDIANTES SEMIFINAL &#8211; En caso de empate habr\u00e1 penales &#8211; Cancha de 9 14:30 hs. &#8211; Categor\u00eda 99 &#8211; Mercedes \u00abA\u00bb Vs. V\u00e9lez Sarsfield 15:30 hs. &#8211; Categor\u00eda 98 &#8211; Mercedes \u00abA\u00bb Vs. V\u00e9lez Sarsfield 16:30 hs. &#8211; Categor\u00eda 97 &#8211; Ateneo Vs. Uni\u00f3n. Cancha de 11 11:45 hs. &#8211; Categor\u00eda 96<\/p>\n","protected":false},"author":1,"featured_media":0,"comment_status":"open","ping_status":"open","sticky":false,"template":"","format":"standard","meta":{"footnotes":""},"categories":[4],"tags":[],"class_list":["post-399","post","type-post","status-publish","format-standard","hentry","category-informaciongeneral"],"_links":{"self":[{"href":"https:\/\/ligamercedina.com\/web\/wp-json\/wp\/v2\/posts\/399","targetHints":{"allow":["GET"]}}],"collection":[{"href":"https:\/\/ligamercedina.com\/web\/wp-json\/wp\/v2\/posts"}],"about":[{"href":"https:\/\/ligamercedina.com\/web\/wp-json\/wp\/v2\/types\/post"}],"author":[{"embeddable":true,"href":"https:\/\/ligamercedina.com\/web\/wp-json\/wp\/v2\/users\/1"}],"replies":[{"embeddable":true,"href":"https:\/\/ligamercedina.com\/web\/wp-json\/wp\/v2\/comments?post=399"}],"version-history":[{"count":0,"href":"https:\/\/ligamercedina.com\/web\/wp-json\/wp\/v2\/posts\/399\/revisions"}],"wp:attachment":[{"href":"https:\/\/ligamercedina.com\/web\/wp-json\/wp\/v2\/media?parent=399"}],"wp:term":[{"taxonomy":"category","embeddable":true,"href":"https:\/\/ligamercedina.com\/web\/wp-json\/wp\/v2\/categories?post=399"},{"taxonomy":"post_tag","embeddable":true,"href":"https:\/\/ligamercedina.com\/web\/wp-json\/wp\/v2\/tags?post=399"}],"curies":[{"name":"wp","href":"https:\/\/api.w.org\/{rel}","templated":true}]}}