{"id":39877,"date":"2025-10-24T10:11:06","date_gmt":"2025-10-24T13:11:06","guid":{"rendered":"https:\/\/ligamercedina.com\/web\/?p=39877"},"modified":"2025-10-27T10:51:34","modified_gmt":"2025-10-27T13:51:34","slug":"programacion-de-partidos-a-jugarse-entre-viernes-y-martes","status":"publish","type":"post","link":"https:\/\/ligamercedina.com\/web\/programacion-de-partidos-a-jugarse-entre-viernes-y-martes\/","title":{"rendered":"PROGRAMACION DE PARTIDOS A JUGARSE ENTRE VIERNES Y MARTES"},"content":{"rendered":"<h3 style=\"text-align: center;\"><span style=\"color: #ff0000;\"><strong>PRIMERA DIVISION<\/strong><\/span><\/h3>\n<p><em><strong>S\u00e1bado 25 de octubre, cancha El Tim\u00f3n<\/strong><\/em><br \/>\n16:00 hs. El Tim\u00f3n Vs. Holanda <strong><span style=\"color: #ff0000;\">-SUSPENDIDO-<\/span><\/strong><\/p>\n<p><em><strong>Martes 28 de octubre, cancha El Front\u00f3n<\/strong><\/em><br \/>\n21:00 hs. El Front\u00f3n Vs. V\u00e9lez<!--more--><\/p>\n<p>&nbsp;<\/p>\n<h3 style=\"text-align: center;\"><span style=\"color: #ff0000;\"><strong>RESERVA<\/strong><\/span><\/h3>\n<p><em><strong>Viernes 24 de octubre, cancha Mercedes<\/strong><\/em><br \/>\n20:15 hs. Mercedes Vs. Defensores <strong><span style=\"color: #ff0000;\">-SUSPENDIDO-<\/span><\/strong><\/p>\n<p><em><strong>S\u00e1bado 25 de octubre, cancha El Tim\u00f3n<\/strong><\/em><br \/>\n14:00 hs. El Tim\u00f3n Vs. Holanda <strong><span style=\"color: #ff0000;\">-SUSPENDIDO-<\/span><\/strong><\/p>\n<p><em><strong>S\u00e1bado 25 de octubre, cancha Palometas<\/strong><\/em><br \/>\n16:00 hs. Palometas FC Vs. Carteros FC <strong><span style=\"color: #ff0000;\">-SUSPENDIDO-<\/span><\/strong><\/p>\n<p><em><strong>Martes 28 de octubre, cancha El Front\u00f3n<\/strong><\/em><br \/>\n19:15 hs.El Front\u00f3n Vs. V\u00e9lez<\/p>\n<p>&nbsp;<\/p>\n<h3 style=\"text-align: center;\"><span style=\"color: #ff0000;\"><strong>INFANTO &#8211; JUVENIL<\/strong><\/span><\/h3>\n<p><strong>El Front\u00f3n &#8211; Uni\u00f3n<\/strong><br \/>\n13:00 hs. Cat.2017 <strong><span style=\"color: #ff0000;\">-SUSPENDIDO-<\/span><\/strong><br \/>\n14:00 hs. Cat.2016 <strong><span style=\"color: #ff0000;\">-SUSPENDIDO-<\/span><\/strong><br \/>\n15:00 hs. Cat.2015 <strong><span style=\"color: #ff0000;\">-SUSPENDIDO-<\/span><\/strong><br \/>\n16:00 hs. Cat.2014 <strong><span style=\"color: #ff0000;\">-SUSPENDIDO-<\/span><\/strong><\/p>\n<p>11:00 hs. Cat.2013 <strong><span style=\"color: #ff0000;\">-SUSPENDIDO-<\/span><\/strong><br \/>\n12:15 hs. Cat.2012 <strong><span style=\"color: #ff0000;\">-SUSPENDIDO-<\/span><\/strong><br \/>\n13:30 hs. Cat.5a <strong><span style=\"color: #ff0000;\">-SUSPENDIDO-<\/span><\/strong><br \/>\n15.00 hs. Cat.2011 <strong><span style=\"color: #ff0000;\">-SUSPENDIDO-<\/span><\/strong><br \/>\n16:15 hs. Cat.2010 <strong><span style=\"color: #ff0000;\">-SUSPENDIDO-<\/span><\/strong><\/p>\n<p><strong>Defensores &#8211; Holanda<\/strong><br \/>\n13:00 hs. Cat.2016 <strong><span style=\"color: #ff0000;\">-SUSPENDIDO-<\/span><\/strong><br \/>\n14:00 hs. Cat.2015 <strong><span style=\"color: #ff0000;\">-SUSPENDIDO-<\/span><\/strong><\/p>\n<p>11:00 hs. Cat.2010 <strong><span style=\"color: #ff0000;\">-SUSPENDIDO-<\/span><\/strong><br \/>\n12:15 hs. Cat.5a <strong><span style=\"color: #ff0000;\">-SUSPENDIDO-<\/span><\/strong><\/p>\n<p><strong>Jorge Newbery &#8211; Palometas<\/strong><br \/>\n11:00 hs. Cat.2012 <strong><span style=\"color: #ff0000;\">-SUSPENDIDO-<\/span><\/strong><br \/>\n12:15 hs. Cat.5a <strong><span style=\"color: #ff0000;\">-SUSPENDIDO-<\/span><\/strong><br \/>\n13.45 hs. Cat.2011 <strong><span style=\"color: #ff0000;\">-SUSPENDIDO-<\/span><\/strong><br \/>\n15:00 hs. Cat.2010 <strong><span style=\"color: #ff0000;\">-SUSPENDIDO-<\/span><\/strong><\/p>\n<p><strong>Mercedes Vs. Ateneo<\/strong><br \/>\n13:00 hs. Cat.2017 <strong><span style=\"color: #ff0000;\">-SUSPENDIDO-<\/span><\/strong><br \/>\n14:00 hs. Cat.2016 <strong><span style=\"color: #ff0000;\">-SUSPENDIDO-<\/span><\/strong><br \/>\n15:00 hs. Cat.2015 <strong><span style=\"color: #ff0000;\">-SUSPENDIDO-<\/span><\/strong><br \/>\n16:00 hs. Cat.2014 <strong><span style=\"color: #ff0000;\">-SUSPENDIDO-<\/span><\/strong><\/p>\n<p>11:00 hs. Cat.2013 <strong><span style=\"color: #ff0000;\">-SUSPENDIDO-<\/span><\/strong><br \/>\n12:15 hs. Cat.2012 <strong><span style=\"color: #ff0000;\">-SUSPENDIDO-<\/span><\/strong><br \/>\n13:30 hs. Cat.5a <strong><span style=\"color: #ff0000;\">-SUSPENDIDO-<\/span><\/strong><br \/>\n15.00 hs. Cat.2011 <strong><span style=\"color: #ff0000;\">-SUSPENDIDO-<\/span><\/strong><br \/>\n16:15 hs. Cat.2010 <strong><span style=\"color: #ff0000;\">-SUSPENDIDO-<\/span><\/strong><\/p>\n<p><strong>Juventud &#8211; Carteros<\/strong><br \/>\n13:00 hs. Cat.2017 <strong><span style=\"color: #ff0000;\">-SUSPENDIDO-<\/span><\/strong><br \/>\n14:00 hs. Cat.2016 <strong><span style=\"color: #ff0000;\">-SUSPENDIDO-<\/span><\/strong><br \/>\n15:00 hs. Cat.2015 <strong><span style=\"color: #ff0000;\">-SUSPENDIDO-<\/span><\/strong><br \/>\n16:00 hs. Cat.2014 <strong><span style=\"color: #ff0000;\">-SUSPENDIDO-<\/span><\/strong><\/p>\n<p>11:00 hs. Cat.2013 <strong><span style=\"color: #ff0000;\">-SUSPENDIDO-<\/span><\/strong><br \/>\n12:15 hs. Cat.2012 <strong><span style=\"color: #ff0000;\">-SUSPENDIDO-<\/span><\/strong><br \/>\n13:30 hs. Cat.5a <strong><span style=\"color: #ff0000;\">-SUSPENDIDO-<\/span><\/strong><br \/>\n15.00 hs. Cat.2011 <strong><span style=\"color: #ff0000;\">-SUSPENDIDO-<\/span><\/strong><br \/>\n16:15 hs. Cat.2010 <strong><span style=\"color: #ff0000;\">-SUSPENDIDO-<\/span><\/strong><\/p>\n<p><strong>S.A.P.A. &#8211; Dep. Gowland<\/strong><br \/>\n11:00 hs. Cat.2012 <strong><span style=\"color: #ff0000;\">-SUSPENDIDO-<\/span><\/strong><br \/>\n12:15 hs. Cat.5a <strong><span style=\"color: #ff0000;\">-SUSPENDIDO-<\/span><\/strong><\/p>\n<p><strong>Talleres &#8211; La Tijera (Cancha V\u00e9lez)<\/strong><br \/>\n15:00 hs. Cat.2013<strong><span style=\"color: #ff0000;\">-SUSPENDIDO-<\/span><\/strong><br \/>\n16:15 hs. Cat.2012<strong><span style=\"color: #ff0000;\">-SUSPENDIDO-<\/span><\/strong><\/p>\n<p><strong>Villa Manchi &#8211; Estudiantes<\/strong><br \/>\n13:00 hs. Cat.2017 <strong><span style=\"color: #ff0000;\">-SUSPENDIDO-<\/span><\/strong><br \/>\n14:00 hs. Cat.2016 <strong><span style=\"color: #ff0000;\">-SUSPENDIDO-<\/span><\/strong><br \/>\n15:00 hs. Cat.2015 <strong><span style=\"color: #ff0000;\">-SUSPENDIDO-<\/span><\/strong><br \/>\n16:00 hs. Cat.2014 <strong><span style=\"color: #ff0000;\">-SUSPENDIDO-<\/span><\/strong><\/p>\n<p>11:00 hs. Cat.2013 <strong><span style=\"color: #ff0000;\">-SUSPENDIDO-<\/span><\/strong><br \/>\n12:15 hs. Cat.2012 <strong><span style=\"color: #ff0000;\">-SUSPENDIDO-<\/span><\/strong><br \/>\n13:30 hs. Cat.5a <strong><span style=\"color: #ff0000;\">-SUSPENDIDO-<\/span><\/strong><br \/>\n15.00 hs. Cat.2011 <strong><span style=\"color: #ff0000;\">-SUSPENDIDO-<\/span><\/strong><br \/>\n16:15 hs. Cat.2010 <strong><span style=\"color: #ff0000;\">-SUSPENDIDO-<\/span><\/strong><\/p>\n<p><strong>V\u00e9lez &#8211; El Tim\u00f3n<\/strong><br \/>\n11:00 hs. Cat.2012<strong><span style=\"color: #ff0000;\">-SUSPENDIDO-<\/span><\/strong><br \/>\n12:15 hs. Cat.5a<strong><span style=\"color: #ff0000;\">-SUSPENDIDO-<\/span><\/strong><br \/>\n13:45 hs. Cat.2010<strong><span style=\"color: #ff0000;\">-SUSPENDIDO-<\/span><\/strong><\/p>\n<p><strong>Quilmes &#8211; Trocha<\/strong><br \/>\n13:00 hs. Cat.2017 <strong><span style=\"color: #ff0000;\">-SUSPENDIDO-<\/span><\/strong><br \/>\n14:00 hs. Cat.2016 <strong><span style=\"color: #ff0000;\">-SUSPENDIDO-<\/span><\/strong><br \/>\n15:00 hs. Cat.2015 <strong><span style=\"color: #ff0000;\">-SUSPENDIDO-<\/span><\/strong><br \/>\n16:00 hs. Cat.2014 <strong><span style=\"color: #ff0000;\">-SUSPENDIDO-<\/span><\/strong><\/p>\n<p>11:00 hs. Cat.2013 <strong><span style=\"color: #ff0000;\">-SUSPENDIDO-<\/span><\/strong><br \/>\n12:15 hs. Cat.2012 <strong><span style=\"color: #ff0000;\">-SUSPENDIDO-<\/span><\/strong><br \/>\n13:30 hs. Cat.2011 <strong><span style=\"color: #ff0000;\">-SUSPENDIDO-<\/span><\/strong><br \/>\n14.45 hs. Cat.2010 <strong><span style=\"color: #ff0000;\">-SUSPENDIDO-<\/span><\/strong><\/p>\n<p><strong>AMEFIP &#8211; TROCHA <\/strong><br \/>\n16:30 hs. Cat.5a <strong><span style=\"color: #ff0000;\">-SUSPENDIDO-<\/span><\/strong><\/p>\n<p>&nbsp;<\/p>\n<h3 style=\"text-align: center;\"><span style=\"color: #ff0000;\"><strong>PRIMERA &#8211; FEMENINO<\/strong><\/span><\/h3>\n<p><em><strong>S\u00e1bado 25 de octubre, cancha Trocha<\/strong><\/em><br \/>\n15:30 hs. Trocha Vs. Defensores <strong><span style=\"color: #ff0000;\">-SUSPENDIDO-<\/span><\/strong><\/p>\n<p><em><strong>S\u00e1bado 25 de octubre, cancha Mercedes<\/strong><\/em><br \/>\n19:00 hs. Mercedes Vs. Palometas<span style=\"color: #ff0000;\"><strong>-SUSPENDIDO-<\/strong><\/span><\/p>\n<p><em><strong>S\u00e1bado 25 de octubre, cancha El Front\u00f3n<\/strong><\/em><br \/>\n18:00 hs. El Front\u00f3n Vs. El Tim\u00f3n<strong><span style=\"color: #ff0000;\">-SUSPENDIDO-<\/span><\/strong><\/p>\n<p><strong>S\u00e1bado 25 de octubre, cancha Pabell\u00f3n Argentino<\/strong><br \/>\n20:30 hs. S.A.P.A. Vs. Cer\u00e1mica <strong><span style=\"color: #ff0000;\">-SUSPENDIDO-<\/span><\/strong><\/p>\n<p>&nbsp;<\/p>\n<h3 style=\"text-align: center;\"><span style=\"color: #ff0000;\"><strong>INFERIORES FEMENINO<\/strong><\/span><\/h3>\n<p><strong>Cancha Mercedes<\/strong><br \/>\n11:00 hs. -SUB 12- Mercedes Vs. Defensores <strong><span style=\"color: #ff0000;\">-SUSPENDIDO-<\/span><\/strong><br \/>\n12:00 hs. -SUB 14- Mercedes Vs. Defensores <strong><span style=\"color: #ff0000;\">-SUSPENDIDO-\u00a0<\/span><\/strong><\/p>\n<p>17:30 hs. -SUB 16- Mercedes Vs. Defensores <strong><span style=\"color: #ff0000;\">-SUSPENDIDO-<\/span><\/strong><\/p>\n<p><strong>Cancha Social Dep Nicol\u00e1s<\/strong><br \/>\n10:00 hs. -SUB 12- Social Dep Nicol\u00e1s Vs. Villa Manchi <strong><span style=\"color: #ff0000;\">-SUSPENDIDO-<\/span><\/strong><br \/>\n11:30 hs. -SUB 16- Social Dep Nicol\u00e1s Vs. Villa Manchi\u00a0 <strong><span style=\"color: #ff0000;\">-SUSPENDIDO-<\/span><\/strong><\/p>\n<p><strong>Cancha Trocha<\/strong><br \/>\n11:00 hs. -SUB 12- Trocha Azul Vs. Holanda <strong><span style=\"color: #ff0000;\">-SUSPENDIDO-<\/span><\/strong><br \/>\n12:00 hs. -SUB 12- Trocha Rojo Vs. Cer\u00e1mica <strong><span style=\"color: #ff0000;\">-SUSPENDIDO-<\/span><\/strong><br \/>\n13:00 hs. -SUB 14- Trocha Vs. Cer\u00e1mica <strong><span style=\"color: #ff0000;\">-SUSPENDIDO-<\/span><\/strong><\/p>\n<p>14:00 hs. -SUB 16- Trocha Vs. Cer\u00e1mica <strong><span style=\"color: #ff0000;\">-SUSPENDIDO-<\/span><\/strong><\/p>\n<p><strong>Cancha Palometas <\/strong><br \/>\n11:00 hs. -SUB 12- Palometas Bord\u00f3 Vs. Carteros <strong><span style=\"color: #ff0000;\">-SUSPENDIDO-<\/span><\/strong><br \/>\n12:00 hs. -SUB 12- Palometas Blanco Vs. Dep. Gowland <strong><span style=\"color: #ff0000;\">-SUSPENDIDO-<\/span><\/strong><br \/>\n13:00 hs. -SUB 14- Palometas Vs. Dep. Gowland <strong><span style=\"color: #ff0000;\">-SUSPENDIDO-<\/span><\/strong><br \/>\n14:30 hs. -SUB 16- Palometas Vs. Talleres <strong><span style=\"color: #ff0000;\">-SUSPENDIDO-<\/span><\/strong><\/p>\n","protected":false},"excerpt":{"rendered":"<p>PRIMERA DIVISION S\u00e1bado 25 de octubre, cancha El Tim\u00f3n 16:00 hs. El Tim\u00f3n Vs. Holanda -SUSPENDIDO- Martes 28 de octubre, cancha El Front\u00f3n 21:00 hs. El Front\u00f3n Vs. V\u00e9lez<\/p>\n","protected":false},"author":2,"featured_media":0,"comment_status":"open","ping_status":"open","sticky":false,"template":"","format":"standard","meta":{"footnotes":""},"categories":[4],"tags":[],"class_list":["post-39877","post","type-post","status-publish","format-standard","hentry","category-informaciongeneral"],"_links":{"self":[{"href":"https:\/\/ligamercedina.com\/web\/wp-json\/wp\/v2\/posts\/39877","targetHints":{"allow":["GET"]}}],"collection":[{"href":"https:\/\/ligamercedina.com\/web\/wp-json\/wp\/v2\/posts"}],"about":[{"href":"https:\/\/ligamercedina.com\/web\/wp-json\/wp\/v2\/types\/post"}],"author":[{"embeddable":true,"href":"https:\/\/ligamercedina.com\/web\/wp-json\/wp\/v2\/users\/2"}],"replies":[{"embeddable":true,"href":"https:\/\/ligamercedina.com\/web\/wp-json\/wp\/v2\/comments?post=39877"}],"version-history":[{"count":29,"href":"https:\/\/ligamercedina.com\/web\/wp-json\/wp\/v2\/posts\/39877\/revisions"}],"predecessor-version":[{"id":39944,"href":"https:\/\/ligamercedina.com\/web\/wp-json\/wp\/v2\/posts\/39877\/revisions\/39944"}],"wp:attachment":[{"href":"https:\/\/ligamercedina.com\/web\/wp-json\/wp\/v2\/media?parent=39877"}],"wp:term":[{"taxonomy":"category","embeddable":true,"href":"https:\/\/ligamercedina.com\/web\/wp-json\/wp\/v2\/categories?post=39877"},{"taxonomy":"post_tag","embeddable":true,"href":"https:\/\/ligamercedina.com\/web\/wp-json\/wp\/v2\/tags?post=39877"}],"curies":[{"name":"wp","href":"https:\/\/api.w.org\/{rel}","templated":true}]}}