{"id":39875,"date":"2025-10-21T10:14:06","date_gmt":"2025-10-21T13:14:06","guid":{"rendered":"https:\/\/ligamercedina.com\/web\/?p=39875"},"modified":"2025-10-21T11:01:38","modified_gmt":"2025-10-21T14:01:38","slug":"elecciones-sin-actividad-en-primera-y-segunda","status":"publish","type":"post","link":"https:\/\/ligamercedina.com\/web\/elecciones-sin-actividad-en-primera-y-segunda\/","title":{"rendered":"ELECCIONES: SIN ACTIVIDAD EN PRIMERA Y SEGUNDA"},"content":{"rendered":"<p><strong>Se pone en conocimiento que con motivo de realizarse las elecciones nacionales, no se podr\u00e1 contar son servicio policial en varios de los  escenarios deportivos durante las 24 horas previas. Por lo tanto, no habr\u00e1 programaci\u00f3n de partidos para los d\u00edas viernes, s\u00e1bado y domingo, por los torneos de Primera y Segunda Divisi\u00f3n.<br \/>\nA la brevedad se brindar\u00e1n los detalles de programaci\u00f3n del resto de las categor\u00edas.<\/strong><\/p>\n","protected":false},"excerpt":{"rendered":"<p>Se pone en conocimiento que con motivo de realizarse las elecciones nacionales, no se podr\u00e1 contar son servicio policial en varios de los escenarios deportivos durante las 24 horas previas. Por lo tanto, no habr\u00e1 programaci\u00f3n de partidos para los d\u00edas viernes, s\u00e1bado y domingo, por los torneos de Primera y Segunda Divisi\u00f3n. A la brevedad se brindar\u00e1n los detalles<\/p>\n","protected":false},"author":2,"featured_media":0,"comment_status":"open","ping_status":"open","sticky":false,"template":"","format":"standard","meta":{"footnotes":""},"categories":[4],"tags":[],"class_list":["post-39875","post","type-post","status-publish","format-standard","hentry","category-informaciongeneral"],"_links":{"self":[{"href":"https:\/\/ligamercedina.com\/web\/wp-json\/wp\/v2\/posts\/39875","targetHints":{"allow":["GET"]}}],"collection":[{"href":"https:\/\/ligamercedina.com\/web\/wp-json\/wp\/v2\/posts"}],"about":[{"href":"https:\/\/ligamercedina.com\/web\/wp-json\/wp\/v2\/types\/post"}],"author":[{"embeddable":true,"href":"https:\/\/ligamercedina.com\/web\/wp-json\/wp\/v2\/users\/2"}],"replies":[{"embeddable":true,"href":"https:\/\/ligamercedina.com\/web\/wp-json\/wp\/v2\/comments?post=39875"}],"version-history":[{"count":2,"href":"https:\/\/ligamercedina.com\/web\/wp-json\/wp\/v2\/posts\/39875\/revisions"}],"predecessor-version":[{"id":39883,"href":"https:\/\/ligamercedina.com\/web\/wp-json\/wp\/v2\/posts\/39875\/revisions\/39883"}],"wp:attachment":[{"href":"https:\/\/ligamercedina.com\/web\/wp-json\/wp\/v2\/media?parent=39875"}],"wp:term":[{"taxonomy":"category","embeddable":true,"href":"https:\/\/ligamercedina.com\/web\/wp-json\/wp\/v2\/categories?post=39875"},{"taxonomy":"post_tag","embeddable":true,"href":"https:\/\/ligamercedina.com\/web\/wp-json\/wp\/v2\/tags?post=39875"}],"curies":[{"name":"wp","href":"https:\/\/api.w.org\/{rel}","templated":true}]}}