{"id":39856,"date":"2025-10-19T21:54:07","date_gmt":"2025-10-20T00:54:07","guid":{"rendered":"https:\/\/ligamercedina.com\/web\/?p=39856"},"modified":"2025-10-19T22:59:35","modified_gmt":"2025-10-20T01:59:35","slug":"comenzo-el-trfa-202-26","status":"publish","type":"post","link":"https:\/\/ligamercedina.com\/web\/comenzo-el-trfa-202-26\/","title":{"rendered":"Comenz\u00f3 el TRFA 2025\/26"},"content":{"rendered":"<p>Este domingo 19 de octubre se inici\u00f3 el Torneo Regional Federal Amateur con dos representantes de la Liga Mercedina de F\u00fatbol en al Zona 14 de la Regi\u00f3n Pampeana Norte.<\/p>\n<p><strong>El Front\u00f3n 4:<\/strong> Federico Grosso de penal, Valent\u00edn Fern\u00e1ndez, y Laureano Torres 2.<br \/>\n<strong>All Haz 0<\/strong>.<\/p>\n<p><strong>Col\u00f3n 0.<\/strong><br \/>\n<strong>Asociaci\u00f3n Cristiana 0.<\/strong><\/p>\n<p><strong>Pr\u00f3xima fecha<\/strong><br \/>\n<strong>Viernes 24<\/strong><br \/>\n<strong>Cancha:<\/strong> Deportivo Merlo.<br \/>\nA las 13 All Haz vs. Col\u00f3n.<\/p>\n<p><strong>A confirmar<\/strong><br \/>\nAsociaci\u00f3n Cristiana vs. El Front\u00f3n.<\/p>\n","protected":false},"excerpt":{"rendered":"<p>Este domingo 19 de octubre se inici\u00f3 el Torneo Regional Federal Amateur con dos representantes de la Liga Mercedina de F\u00fatbol en al Zona 14 de la Regi\u00f3n Pampeana Norte. El Front\u00f3n 4: Federico Grosso de penal, Valent\u00edn Fern\u00e1ndez, y Laureano Torres 2. All Haz 0. Col\u00f3n 0. Asociaci\u00f3n Cristiana 0. Pr\u00f3xima fecha Viernes 24 Cancha: Deportivo Merlo. A las<\/p>\n","protected":false},"author":2,"featured_media":0,"comment_status":"open","ping_status":"open","sticky":false,"template":"","format":"standard","meta":{"footnotes":""},"categories":[4],"tags":[149,148,147],"class_list":["post-39856","post","type-post","status-publish","format-standard","hentry","category-informaciongeneral","tag-all-haz","tag-el-fronton","tag-trfa"],"_links":{"self":[{"href":"https:\/\/ligamercedina.com\/web\/wp-json\/wp\/v2\/posts\/39856","targetHints":{"allow":["GET"]}}],"collection":[{"href":"https:\/\/ligamercedina.com\/web\/wp-json\/wp\/v2\/posts"}],"about":[{"href":"https:\/\/ligamercedina.com\/web\/wp-json\/wp\/v2\/types\/post"}],"author":[{"embeddable":true,"href":"https:\/\/ligamercedina.com\/web\/wp-json\/wp\/v2\/users\/2"}],"replies":[{"embeddable":true,"href":"https:\/\/ligamercedina.com\/web\/wp-json\/wp\/v2\/comments?post=39856"}],"version-history":[{"count":2,"href":"https:\/\/ligamercedina.com\/web\/wp-json\/wp\/v2\/posts\/39856\/revisions"}],"predecessor-version":[{"id":39858,"href":"https:\/\/ligamercedina.com\/web\/wp-json\/wp\/v2\/posts\/39856\/revisions\/39858"}],"wp:attachment":[{"href":"https:\/\/ligamercedina.com\/web\/wp-json\/wp\/v2\/media?parent=39856"}],"wp:term":[{"taxonomy":"category","embeddable":true,"href":"https:\/\/ligamercedina.com\/web\/wp-json\/wp\/v2\/categories?post=39856"},{"taxonomy":"post_tag","embeddable":true,"href":"https:\/\/ligamercedina.com\/web\/wp-json\/wp\/v2\/tags?post=39856"}],"curies":[{"name":"wp","href":"https:\/\/api.w.org\/{rel}","templated":true}]}}