{"id":3985,"date":"2010-07-19T23:13:55","date_gmt":"2010-07-20T02:13:55","guid":{"rendered":"https:\/\/ligamercedina.com\/?p=3985"},"modified":"2010-07-19T23:13:55","modified_gmt":"2010-07-20T02:13:55","slug":"se-realizo-una-reunion-de-dirigentes","status":"publish","type":"post","link":"https:\/\/ligamercedina.com\/web\/se-realizo-una-reunion-de-dirigentes\/","title":{"rendered":"SE REALIZO UNA REUNION DE DIRIGENTES"},"content":{"rendered":"<p><a href=\"https:\/\/ligamercedina.com\/wp-content\/uploads\/2010\/07\/dsc09061.jpg\"><img loading=\"lazy\" decoding=\"async\" src=\"https:\/\/ligamercedina.com\/wp-content\/uploads\/2010\/07\/dsc09061.jpg\" alt=\"\" title=\"dsc09061\" width=\"480\" height=\"360\" class=\"aligncenter size-full wp-image-3986\" srcset=\"https:\/\/ligamercedina.com\/web\/wp-content\/uploads\/2010\/07\/dsc09061.jpg 480w, https:\/\/ligamercedina.com\/web\/wp-content\/uploads\/2010\/07\/dsc09061-300x225.jpg 300w, https:\/\/ligamercedina.com\/web\/wp-content\/uploads\/2010\/07\/dsc09061-400x300.jpg 400w\" sizes=\"auto, (max-width: 480px) 100vw, 480px\" \/><\/a><\/p>\n<p>Hace minutos, en sede del Campo de Deportes de Club Estudiantes se desarroll\u00f3 una reuni\u00f3n de delegados donde se dio tratamiento a diferentes temas, con la presencia de representantes de los clubes: V\u00e9lez Sarsfield, Club Mercedes, Estudiantes, El Front\u00f3n, Juventud, Quilmes, San Marcos FC, Uni\u00f3n y Los Palometas. Estuvieron ausentes: Ateneo, Comunicaciones, Pabell\u00f3n Argentino y Cruzados FC.<br \/>\nEn ese sentido se aprob\u00f3 por unanimidad la propuesta realizada por Club Estudiantes para que en las divisiones Reserva y Primera se permita firmar planillas de partido a jugadores que lleguen hasta antes del inicio del segundo tiempo.<\/p>\n<p>Asimismo, se realiz\u00f3 la rendici\u00f3n de cuentas del \u00faltimo torneo de Escuelitas realizado en cancha de la Liga durante tres jornadas, por lo cual las instituciones participantes recibieron el correspondiente dinero.<\/p>\n<p>El Club Juventud de Suipacha present\u00f3 una nota anunciando la renuncia -por cuestiones particulares- de su presidente Marcelo Mana. En su lugar asumi\u00f3 el se\u00f1or Daniel Correa a la vez que la misma instituci\u00f3n present\u00f3 como nuevo delegado al se\u00f1or Alejandro Romagnoli.<\/p>\n<p>El Presidente de la Liga Jorge Cerfoglio inform\u00f3 sobre la reuni\u00f3n en la cual particip\u00f3 junto al Tesorero Armando Ponce en la ciudad de San Nicol\u00e1s, correspondiente a la Federaci\u00f3n Norte de F\u00fatbol.<br \/>\nAll\u00ed se dio tratamiento a distintos puntos, sobresaliendo la confecci\u00f3n del fixture para el torneo de selecciones sub 17 cuyo comienzo ser\u00e1 el pr\u00f3ximo mi\u00e9rcoles 11 de agosto.<br \/>\nEn ese sentido, nuestro selecci\u00f3n estar\u00e1 debutando en dicha fecha, en condici\u00f3n de local, recibiendo a su similar de San Antonio de Areco.<br \/>\nEl mi\u00e9rcoles 18 de agosto, por la segunda fecha, jugar\u00e1 como visitante ante la selecci\u00f3n de Luj\u00e1n, mientras que en la tercera jornada, tendr\u00e1 fecha libre.<\/p>\n<p>Por otra parte hubo una charla con el Instructor de SADRA Norberto Wolkof con el fin de definir aspectos para la puesta en marcha de una Escuela de Arbitros en nuestra ciudad.<\/p>\n<ul>\n<strong>PARTIDOS PARA EL FIN DE SEMANA<\/strong><\/ul>\n<p>Durante el encuentro se confirm\u00f3 que los partidos postergados ayer domingo entre Juventud y V\u00e9lez -RESERVA Y PRIMERA- se jugar\u00e1n el d\u00eda s\u00e1bado.<br \/>\nTambi\u00e9n el s\u00e1bado se jugar\u00e1 e partido de RESERVA entre Pabell\u00f3n Argentino y Los Palometas.<br \/>\nEn cuanto a los partidos de Primera Divisi\u00f3n que deben jugarse en cancha de la Liga, ma\u00f1ana habr\u00e1 una definici\u00f3n al respecto tras una presentaci\u00f3n de Club Mercedes para jugar su encuentro ante Estudiantes el d\u00eda s\u00e1bado.<br \/>\n<a href=\"https:\/\/ligamercedina.com\/wp-content\/uploads\/2010\/07\/dsc09063.jpg\"><img loading=\"lazy\" decoding=\"async\" src=\"https:\/\/ligamercedina.com\/wp-content\/uploads\/2010\/07\/dsc09063.jpg\" alt=\"\" title=\"dsc09063\" width=\"480\" height=\"360\" class=\"aligncenter size-full wp-image-3988\" srcset=\"https:\/\/ligamercedina.com\/web\/wp-content\/uploads\/2010\/07\/dsc09063.jpg 480w, https:\/\/ligamercedina.com\/web\/wp-content\/uploads\/2010\/07\/dsc09063-300x225.jpg 300w, https:\/\/ligamercedina.com\/web\/wp-content\/uploads\/2010\/07\/dsc09063-400x300.jpg 400w\" sizes=\"auto, (max-width: 480px) 100vw, 480px\" \/><\/a><\/p>\n","protected":false},"excerpt":{"rendered":"<p>Hace minutos, en sede del Campo de Deportes de Club Estudiantes se desarroll\u00f3 una reuni\u00f3n de delegados donde se dio tratamiento a diferentes temas, con la presencia de representantes de los clubes: V\u00e9lez Sarsfield, Club Mercedes, Estudiantes, El Front\u00f3n, Juventud, Quilmes, San Marcos FC, Uni\u00f3n y Los Palometas. Estuvieron ausentes: Ateneo, Comunicaciones, Pabell\u00f3n Argentino y Cruzados FC. En ese sentido<\/p>\n","protected":false},"author":1,"featured_media":0,"comment_status":"open","ping_status":"open","sticky":false,"template":"","format":"standard","meta":{"footnotes":""},"categories":[4],"tags":[],"class_list":["post-3985","post","type-post","status-publish","format-standard","hentry","category-informaciongeneral"],"_links":{"self":[{"href":"https:\/\/ligamercedina.com\/web\/wp-json\/wp\/v2\/posts\/3985","targetHints":{"allow":["GET"]}}],"collection":[{"href":"https:\/\/ligamercedina.com\/web\/wp-json\/wp\/v2\/posts"}],"about":[{"href":"https:\/\/ligamercedina.com\/web\/wp-json\/wp\/v2\/types\/post"}],"author":[{"embeddable":true,"href":"https:\/\/ligamercedina.com\/web\/wp-json\/wp\/v2\/users\/1"}],"replies":[{"embeddable":true,"href":"https:\/\/ligamercedina.com\/web\/wp-json\/wp\/v2\/comments?post=3985"}],"version-history":[{"count":5,"href":"https:\/\/ligamercedina.com\/web\/wp-json\/wp\/v2\/posts\/3985\/revisions"}],"predecessor-version":[{"id":3991,"href":"https:\/\/ligamercedina.com\/web\/wp-json\/wp\/v2\/posts\/3985\/revisions\/3991"}],"wp:attachment":[{"href":"https:\/\/ligamercedina.com\/web\/wp-json\/wp\/v2\/media?parent=3985"}],"wp:term":[{"taxonomy":"category","embeddable":true,"href":"https:\/\/ligamercedina.com\/web\/wp-json\/wp\/v2\/categories?post=3985"},{"taxonomy":"post_tag","embeddable":true,"href":"https:\/\/ligamercedina.com\/web\/wp-json\/wp\/v2\/tags?post=3985"}],"curies":[{"name":"wp","href":"https:\/\/api.w.org\/{rel}","templated":true}]}}